{"id":10281,"date":"2021-01-20T16:01:24","date_gmt":"2021-01-20T19:01:24","guid":{"rendered":"https:\/\/hostnetart.com.br\/baixada\/coe-itau-se-reune-com-a-direcao-do-banco-nesta-quarta-feira-20\/"},"modified":"2021-01-20T16:01:24","modified_gmt":"2021-01-20T19:01:24","slug":"coe-itau-se-reune-com-a-direcao-do-banco-nesta-quarta-feira-20","status":"publish","type":"post","link":"https:\/\/hostnetart.com.br\/baixada\/coe-itau-se-reune-com-a-direcao-do-banco-nesta-quarta-feira-20\/","title":{"rendered":"COE Ita\u00fa se re\u00fane com a dire\u00e7\u00e3o do banco nesta quarta-feira (20)"},"content":{"rendered":"<p>Banco de horas negativas, o Programa Bolsa Aux\u00edlio Educa\u00e7\u00e3o 2021 e o Programa Complementar de Resultados (PCR) s\u00e3o as principais pautas da reuni\u00e3o entre a Comiss\u00e3o de Organiza\u00e7\u00e3o dos Empregados (COE) do Ita\u00fa e a dire\u00e7\u00e3o do banco, que ser\u00e1 realizada nesta quarta-feira (20), \u00e0s 15h30, por videoconfer\u00eancia.<\/p>\n<p>Em janeiro,\u00a0<a href=\"https:\/\/contrafcut.com.br\/noticias\/sistema-de-compensacao-de-horas-volta-ao-normal-em-2021-no-itau\/?swcfpc=1\" target=\"_blank\" rel=\"noopener noreferrer\">o sistema de compensa\u00e7\u00e3o voltou a ser mensal<\/a>. O per\u00edodo de ac\u00famulo de horas negativas, conhecido como banco de horas, encerrou-se em 31 de dezembro de 2020 e o saldo acumulado dever\u00e1 ser compensado at\u00e9 dezembro de 2021. A reuni\u00e3o de amanh\u00e3 come\u00e7a a definir as regras de compensa\u00e7\u00e3o.<\/p>\n<p>J\u00e1 sobre o\u00a0<a href=\"https:\/\/contrafcut.com.br\/noticias\/programa-bolsa-auxilio-educacao-2021-do-itau-tem-inscricoes-abertas\/?swcfpc=1\" target=\"_blank\" rel=\"noopener noreferrer\">Programa Bolsa Aux\u00edlio Educa\u00e7\u00e3o 2021<\/a>\u00a0para a primeira e a segunda gradua\u00e7\u00e3o e para a primeira p\u00f3s gradua\u00e7\u00e3o a negocia\u00e7\u00e3o vai definir o valor do benef\u00edcio e a quantidade de vagas dispon\u00edveis.<\/p>\n<p>No caso do PCR, a reuni\u00e3o vai acertar o valor da segunda parcela. Para definir o valor consolidado \u00e9 necess\u00e1rio saber a rentabilidade do banco em 2020. Caso ela ultrapasse 23%, os banc\u00e1rios receber\u00e3o a diferen\u00e7a em mar\u00e7o.<\/p>\n<p><strong>Fonte: Contraf-CUT<\/strong><\/p>\n","protected":false},"excerpt":{"rendered":"<p>Banco de horas negativas, o Programa Bolsa Aux\u00edlio Educa\u00e7\u00e3o 2021 e o Programa Complementar de Resultados (PCR) s\u00e3o as principais pautas da reuni\u00e3o entre a Comiss\u00e3o de Organiza\u00e7\u00e3o dos Empregados (COE) do Ita\u00fa e a dire\u00e7\u00e3o do banco, que ser\u00e1 realizada nesta quarta-feira (20), \u00e0s 15h30, por videoconfer\u00eancia. Em janeiro,\u00a0o sistema de compensa\u00e7\u00e3o voltou a [&hellip;]<\/p>\n","protected":false},"author":2,"featured_media":10280,"comment_status":"","ping_status":"","sticky":false,"template":"","format":"standard","meta":{"footnotes":""},"categories":[3],"tags":[],"class_list":["post-10281","post","type-post","status-publish","format-standard","has-post-thumbnail","hentry","category-noticias"],"_links":{"self":[{"href":"https:\/\/hostnetart.com.br\/baixada\/wp-json\/wp\/v2\/posts\/10281","targetHints":{"allow":["GET"]}}],"collection":[{"href":"https:\/\/hostnetart.com.br\/baixada\/wp-json\/wp\/v2\/posts"}],"about":[{"href":"https:\/\/hostnetart.com.br\/baixada\/wp-json\/wp\/v2\/types\/post"}],"author":[{"embeddable":true,"href":"https:\/\/hostnetart.com.br\/baixada\/wp-json\/wp\/v2\/users\/2"}],"replies":[{"embeddable":true,"href":"https:\/\/hostnetart.com.br\/baixada\/wp-json\/wp\/v2\/comments?post=10281"}],"version-history":[{"count":0,"href":"https:\/\/hostnetart.com.br\/baixada\/wp-json\/wp\/v2\/posts\/10281\/revisions"}],"wp:featuredmedia":[{"embeddable":true,"href":"https:\/\/hostnetart.com.br\/baixada\/wp-json\/wp\/v2\/media\/10280"}],"wp:attachment":[{"href":"https:\/\/hostnetart.com.br\/baixada\/wp-json\/wp\/v2\/media?parent=10281"}],"wp:term":[{"taxonomy":"category","embeddable":true,"href":"https:\/\/hostnetart.com.br\/baixada\/wp-json\/wp\/v2\/categories?post=10281"},{"taxonomy":"post_tag","embeddable":true,"href":"https:\/\/hostnetart.com.br\/baixada\/wp-json\/wp\/v2\/tags?post=10281"}],"curies":[{"name":"wp","href":"https:\/\/api.w.org\/{rel}","templated":true}]}}