{"id":10279,"date":"2021-01-19T16:23:33","date_gmt":"2021-01-19T19:23:33","guid":{"rendered":"https:\/\/hostnetart.com.br\/baixada\/bancarios-discutem-reestruturacao-no-bb-com-parlamentares\/"},"modified":"2021-01-19T16:23:33","modified_gmt":"2021-01-19T19:23:33","slug":"bancarios-discutem-reestruturacao-no-bb-com-parlamentares","status":"publish","type":"post","link":"https:\/\/hostnetart.com.br\/baixada\/bancarios-discutem-reestruturacao-no-bb-com-parlamentares\/","title":{"rendered":"Banc\u00e1rios discutem reestrutura\u00e7\u00e3o no BB com parlamentares"},"content":{"rendered":"<p>\u00a0<\/p>\n<p>Representantes de entidades banc\u00e1rias v\u00e3o se reunir nesta ter\u00e7a-feira (19) \u00e0s 16h com as Frentes Parlamentares Mista em Defesa dos Bancos P\u00fablicos e Soberania. Ser\u00e1 discutida a reestrutura\u00e7\u00e3o do Banco do Brasil, proposta encaminhada na semana passada pela dire\u00e7\u00e3o da institui\u00e7\u00e3o e que prev\u00ea o fechamento de ag\u00eancias e a demiss\u00e3o de 5 mil trabalhadores.<\/p>\n<p>Participam da reuni\u00e3o o coordenador nacional da Comiss\u00e3o de Empresa dos Funcion\u00e1rios do Banco do Brasil (CEBB), Jo\u00e3o Fukunaga, que tamb\u00e9m representar\u00e1 a Confedera\u00e7\u00e3o Nacional dos Trabalhadores do Ramo Financeiro (Contraf-CUT), e o presidente do Sindicato dos Banc\u00e1rios de Bras\u00edlia, Kleytton Guimar\u00e3es Morais. Participam ainda representantes da Associa\u00e7\u00e3o Nacional dos Funcion\u00e1rios do Banco do Brasil (ANABB) e da Associa\u00e7\u00e3o dos Funcion\u00e1rios Aposentados do Banco do Brasil (FAABB), al\u00e9m de t\u00e9cnicos do Departamento Intersindical de Estudos e Estat\u00edsticas Socioecon\u00f4micas (Dieese).<\/p>\n<p>Na ocasi\u00e3o, ser\u00e1 apresentada a posi\u00e7\u00e3o contr\u00e1ria dos funcion\u00e1rios \u00e0 proposta de reestrutura\u00e7\u00e3o para o senador Jaques Wagner (PT-BA), a deputada federal \u00c9rika Kokay (PT-DF), e os deputados federais Jos\u00e9 Carlos Nunes J\u00fanior (PT-MA) e Jo\u00e3o Daniel (PT-SE).\u201dEsta iniciativa tem por objetivo intensificar a luta em defesa do BB forte e atuante para a sociedade, assegurando o respeito aos direitos dos funcion\u00e1rios a partir da mobiliza\u00e7\u00e3o de diferentes atores no relacionamento com o Banco\u201d, afirmou o presidente do Sindicato dos Banc\u00e1rios de Bras\u00edlia, Kleytton Morais.<\/p>\n<p><span style=\"text-decoration: underline;\">Luta continua<\/span><\/p>\n<p>Jo\u00e3o Fukunaga, coordenador da CEBB, ressaltou que cresce a mobiliza\u00e7\u00e3o entre os funcion\u00e1rios do banco contra a reestrutura tentada pela dire\u00e7\u00e3o do BB. \u201cCaminha a luta em defesa do Banco do Brasil, do seu car\u00e1ter p\u00fablico, fundamental para o desenvolvimento do pa\u00eds e para o atendimento da popula\u00e7\u00e3o\u201d, disse Jo\u00e3o Fukunaga.<\/p>\n<p>\u201cNossa expectativa, a partir dessa reuni\u00e3o com parlamentares e entidades representativas do funcionalismo da ativa e aposentados, \u00e9 que possa resultar uma ampla mobiliza\u00e7\u00e3o de clientes, usu\u00e1rios, associa\u00e7\u00f5es de agricultores, comerciantes, governadores, prefeitos e parlamentos em defesa do Banco do Brasil p\u00fablico\u201d, concluiu Kleytton Morais.<\/p>\n<p><strong>Fonte: Contraf-CUT<\/strong><\/p>\n","protected":false},"excerpt":{"rendered":"<p>\u00a0 Representantes de entidades banc\u00e1rias v\u00e3o se reunir nesta ter\u00e7a-feira (19) \u00e0s 16h com as Frentes Parlamentares Mista em Defesa dos Bancos P\u00fablicos e Soberania. Ser\u00e1 discutida a reestrutura\u00e7\u00e3o do Banco do Brasil, proposta encaminhada na semana passada pela dire\u00e7\u00e3o da institui\u00e7\u00e3o e que prev\u00ea o fechamento de ag\u00eancias e a demiss\u00e3o de 5 mil [&hellip;]<\/p>\n","protected":false},"author":2,"featured_media":10278,"comment_status":"","ping_status":"","sticky":false,"template":"","format":"standard","meta":{"footnotes":""},"categories":[3],"tags":[],"class_list":["post-10279","post","type-post","status-publish","format-standard","has-post-thumbnail","hentry","category-noticias"],"_links":{"self":[{"href":"https:\/\/hostnetart.com.br\/baixada\/wp-json\/wp\/v2\/posts\/10279","targetHints":{"allow":["GET"]}}],"collection":[{"href":"https:\/\/hostnetart.com.br\/baixada\/wp-json\/wp\/v2\/posts"}],"about":[{"href":"https:\/\/hostnetart.com.br\/baixada\/wp-json\/wp\/v2\/types\/post"}],"author":[{"embeddable":true,"href":"https:\/\/hostnetart.com.br\/baixada\/wp-json\/wp\/v2\/users\/2"}],"replies":[{"embeddable":true,"href":"https:\/\/hostnetart.com.br\/baixada\/wp-json\/wp\/v2\/comments?post=10279"}],"version-history":[{"count":0,"href":"https:\/\/hostnetart.com.br\/baixada\/wp-json\/wp\/v2\/posts\/10279\/revisions"}],"wp:featuredmedia":[{"embeddable":true,"href":"https:\/\/hostnetart.com.br\/baixada\/wp-json\/wp\/v2\/media\/10278"}],"wp:attachment":[{"href":"https:\/\/hostnetart.com.br\/baixada\/wp-json\/wp\/v2\/media?parent=10279"}],"wp:term":[{"taxonomy":"category","embeddable":true,"href":"https:\/\/hostnetart.com.br\/baixada\/wp-json\/wp\/v2\/categories?post=10279"},{"taxonomy":"post_tag","embeddable":true,"href":"https:\/\/hostnetart.com.br\/baixada\/wp-json\/wp\/v2\/tags?post=10279"}],"curies":[{"name":"wp","href":"https:\/\/api.w.org\/{rel}","templated":true}]}}