{"id":10275,"date":"2021-01-19T13:29:44","date_gmt":"2021-01-19T16:29:44","guid":{"rendered":"https:\/\/hostnetart.com.br\/baixada\/parlamentar-diz-que-bb-nao-da-prejuizo\/"},"modified":"2021-01-19T13:29:44","modified_gmt":"2021-01-19T16:29:44","slug":"parlamentar-diz-que-bb-nao-da-prejuizo","status":"publish","type":"post","link":"https:\/\/hostnetart.com.br\/baixada\/parlamentar-diz-que-bb-nao-da-prejuizo\/","title":{"rendered":"Parlamentar diz que BB n\u00e3o d\u00e1 preju\u00edzo"},"content":{"rendered":"<p>O deputado federal Vicente Paulo da Silva, o Vicentinho (PT-SP), disse que o Banco do Brasil n\u00e3o d\u00e1 preju\u00edzo e criticou a com a proposta de reestrutura\u00e7\u00e3o feita pela dire\u00e7\u00e3o da institui\u00e7\u00e3o que prev\u00ea o fechamento de ag\u00eancias e a demiss\u00e3o de 5 mil trabalhadores e trabalhadoras. A proposta de reestrutura\u00e7\u00e3o foi apresentada pela dire\u00e7\u00e3o do banco na semana passada e vem recebendo cr\u00edticas de deputados e senadores de diversas posi\u00e7\u00f5es pol\u00edticas.<\/p>\n<p>\u201cO Banco do Brasil n\u00e3o d\u00e1 preju\u00edzo, pelo contr\u00e1rio. Tem um papel social nos rinc\u00f5es do nosso pa\u00eds em defesa das economias prec\u00e1rias e pequenas, da agricultura familiar. O Banco do Brasil \u00e9 um patrim\u00f4nio que deve ser mantido para o pa\u00eds. N\u00e3o \u00e9 dos grupos econ\u00f4micos. Querem fazer isso com a Caixa e, aos poucos, dilapidando tamb\u00e9m o Banco do Brasil. Contem comigo, com a minha bancada, com os deputados progressistas na defesa do Banco do Brasil\u201d, afirmou Vicentinho.<\/p>\n<p>O an\u00fancio foi feito na presen\u00e7a do presidente do Sindicato dos Banc\u00e1rios do ABC, Belmiro Moreira. \u201cO Banco do Brasil quer extinguir fun\u00e7\u00f5es e retirar direitos. O que \u00e9 pior \u00e9 fechar ag\u00eancias banc\u00e1rias que atuam em praticamente todos munic\u00edpios de nosso pa\u00eds, atendente a popula\u00e7\u00e3o, principalmente nesse momento de pandemia. Nesse momento em que aumento o desemprego em nosso pa\u00eds, a exclus\u00e3o social aumentando, o governo quer colocar 5 mil trabalhadores para fora do banco\u201d, disse Belmiro.<\/p>\n<p>Para ver o v\u00eddeo com as declara\u00e7\u00f5es de Vicentinho e Belmiro Moreira,\u00a0<a href=\"https:\/\/youtu.be\/EezXYvYYVHU\">clique aqui.<\/a><\/p>\n<p><strong>Fonte: Contraf-CUT<\/strong><\/p>\n","protected":false},"excerpt":{"rendered":"<p>O deputado federal Vicente Paulo da Silva, o Vicentinho (PT-SP), disse que o Banco do Brasil n\u00e3o d\u00e1 preju\u00edzo e criticou a com a proposta de reestrutura\u00e7\u00e3o feita pela dire\u00e7\u00e3o da institui\u00e7\u00e3o que prev\u00ea o fechamento de ag\u00eancias e a demiss\u00e3o de 5 mil trabalhadores e trabalhadoras. A proposta de reestrutura\u00e7\u00e3o foi apresentada pela dire\u00e7\u00e3o [&hellip;]<\/p>\n","protected":false},"author":2,"featured_media":10274,"comment_status":"","ping_status":"","sticky":false,"template":"","format":"standard","meta":{"footnotes":""},"categories":[3],"tags":[],"class_list":["post-10275","post","type-post","status-publish","format-standard","has-post-thumbnail","hentry","category-noticias"],"_links":{"self":[{"href":"https:\/\/hostnetart.com.br\/baixada\/wp-json\/wp\/v2\/posts\/10275","targetHints":{"allow":["GET"]}}],"collection":[{"href":"https:\/\/hostnetart.com.br\/baixada\/wp-json\/wp\/v2\/posts"}],"about":[{"href":"https:\/\/hostnetart.com.br\/baixada\/wp-json\/wp\/v2\/types\/post"}],"author":[{"embeddable":true,"href":"https:\/\/hostnetart.com.br\/baixada\/wp-json\/wp\/v2\/users\/2"}],"replies":[{"embeddable":true,"href":"https:\/\/hostnetart.com.br\/baixada\/wp-json\/wp\/v2\/comments?post=10275"}],"version-history":[{"count":0,"href":"https:\/\/hostnetart.com.br\/baixada\/wp-json\/wp\/v2\/posts\/10275\/revisions"}],"wp:featuredmedia":[{"embeddable":true,"href":"https:\/\/hostnetart.com.br\/baixada\/wp-json\/wp\/v2\/media\/10274"}],"wp:attachment":[{"href":"https:\/\/hostnetart.com.br\/baixada\/wp-json\/wp\/v2\/media?parent=10275"}],"wp:term":[{"taxonomy":"category","embeddable":true,"href":"https:\/\/hostnetart.com.br\/baixada\/wp-json\/wp\/v2\/categories?post=10275"},{"taxonomy":"post_tag","embeddable":true,"href":"https:\/\/hostnetart.com.br\/baixada\/wp-json\/wp\/v2\/tags?post=10275"}],"curies":[{"name":"wp","href":"https:\/\/api.w.org\/{rel}","templated":true}]}}