{"id":10273,"date":"2021-01-19T13:28:10","date_gmt":"2021-01-19T16:28:10","guid":{"rendered":"https:\/\/hostnetart.com.br\/baixada\/mundo-pos-covid-19-sera-o-principal-tema-do-forum-social-mundial\/"},"modified":"2021-01-19T13:28:10","modified_gmt":"2021-01-19T16:28:10","slug":"mundo-pos-covid-19-sera-o-principal-tema-do-forum-social-mundial","status":"publish","type":"post","link":"https:\/\/hostnetart.com.br\/baixada\/mundo-pos-covid-19-sera-o-principal-tema-do-forum-social-mundial\/","title":{"rendered":"Mundo p\u00f3s-covid-19 ser\u00e1 o principal tema do F\u00f3rum Social Mundial"},"content":{"rendered":"<p>Como ser\u00e1 o mundo no per\u00edodo p\u00f3s-covid-19? Esse \u00e9 o principal questionamento da edi\u00e7\u00e3o 2021 do F\u00f3rum Social Mundial, que come\u00e7a no s\u00e1bado (23) e j\u00e1 traz uma conclus\u00e3o pr\u00e9via sobre a pandemia: o mundo n\u00e3o pode abrir m\u00e3o da soberania dos Estados no plano econ\u00f4mico. Sem esse poder, por exemplo, n\u00e3o haveria vacina, vacina\u00e7\u00e3o e prote\u00e7\u00e3o social.<\/p>\n<p>Completando duas d\u00e9cadas neste ano, o F\u00f3rum Social Mundial ser\u00e1 realizado pela primeira vez online, seguindo o protocolo de realiza\u00e7\u00e3o de eventos durante a pandemia. Criado no Brasil em 2001, o f\u00f3rum \u00e9 respons\u00e1vel por promover pol\u00edticas p\u00fablicas em diversos pa\u00edses, como mostra a reportagem \u00e9 de J\u00f4 Miyagui no\u00a0<em>Seu Jornal<\/em>, da\u00a0<strong>TVT<\/strong>.<\/p>\n<p>\u00a0\u201cA pandemia revalorizou o papel das gest\u00f5es p\u00fablicas, o papel do Estado, o papel do bem comum. S\u00e3o pap\u00e9is sempre combatidos pelas pol\u00edticas neoliberais, por aqueles que querem privatizar tudo. Como se o mercado, que visa ao lucro, pudesse dar solu\u00e7\u00e3o a problemas que s\u00e3o do bem comum. A maior li\u00e7\u00e3o pol\u00edtica que a pandemia ensinou o mundo \u00e9 que \u00e9 necess\u00e1rio fortalecer o bem comum, fortalecer os sistemas de sa\u00fade p\u00fablica, \u00e9 necess\u00e1rio ter solidariedade internacional\u201d, afirma o jornalista Carlos Tib\u00farcio, co-fundador do\u00a0<a href=\"https:\/\/wsf2018.org\/wsf-2021\/\" target=\"_blank\" rel=\"noopener noreferrer\">F\u00f3rum Social Mundial<\/a>.\u00a0<\/p>\n<p>Al\u00e9m do per\u00edodo p\u00f3s-covid-19, a programa\u00e7\u00e3o do f\u00f3rum deste ano vai discutir ainda temas como justi\u00e7a social, meio ambiente e democracia. As mulheres ter\u00e3o uma mesa espec\u00edfica para debater o impacto da pandemia no mundo feminino. \u201cA pandemia impactou a vida das mulheres de v\u00e1rias formas\u201d, afirma a coordenadora da Uni\u00e3o Brasileira de Mulheres, Liege Rocha. \u201cSem falar somente nessa quest\u00e3o da viol\u00eancia, que voc\u00ea percebeu aqui que no Brasil aumentou o caso de feminic\u00eddio, foi uma coisa assim absurda. Isso tamb\u00e9m impacta. Quer dizer, se n\u00f3s j\u00e1 t\u00ednhamos a dupla jornada de trabalho, voc\u00ea imagina agora as m\u00e3es, al\u00e9m da jornada do trabalho dom\u00e9stico, do trabalho em home office, ainda tem que ser professor em casa, com seus filhos\u201d.<\/p>\n<h3>Mobiliza\u00e7\u00e3o nos pa\u00edses<\/h3>\n<p>Para a Central \u00danica dos Trabalhadores (CUT), antes da pandemia o mundo j\u00e1 n\u00e3o vivia na normalidade. E se a sociedade n\u00e3o se reorganizar para o per\u00edodo p\u00f3s-covid-19, o futuro ser\u00e1 ainda pior. \u201cEsse debate sobre como n\u00f3s vamos chegar \u00e0 p\u00f3s-covid precisa de que haja mobiliza\u00e7\u00e3o nos pa\u00edses, para que os governos apontem solu\u00e7\u00f5es para que essa popula\u00e7\u00e3o que j\u00e1 estava sendo desassistida possa respirar\u201d, afirma Rog\u00e9rio Pantoja, membro da Executiva Nacional da CUT. \u201cN\u00f3s vamos ter um\u00a0<a href=\"https:\/\/www.redebrasilatual.com.br\/blogs\/blog-na-rede\/2017\/09\/em-todo-o-mundo-desregulamentacao-do-mercado-de-trabalho-produziu-aumento-da-desigualdade\/\" target=\"_blank\" rel=\"noopener noreferrer\">aumento da desigualdade<\/a>. Os n\u00fameros est\u00e3o a\u00ed. \u00a0O fechamento dos postos de trabalho, a ind\u00fastria 4.0, e as novas tecnologias, infelizmente apontam para o n\u00famero maior de trabalhadores desempregados.<\/p>\n<p>\u201cE saber o seguinte: que emprego n\u00f3s vamos ter? Qual renda n\u00f3s vamos ter daqui para frente? Esse \u00e9 o desafio que toda a sociedade vai enfrentar.<\/p>\n<p><span style=\"text-decoration: underline;\"><strong>Fonte: Rede Brasil Atual<\/strong><\/span><\/p>\n","protected":false},"excerpt":{"rendered":"<p>Como ser\u00e1 o mundo no per\u00edodo p\u00f3s-covid-19? Esse \u00e9 o principal questionamento da edi\u00e7\u00e3o 2021 do F\u00f3rum Social Mundial, que come\u00e7a no s\u00e1bado (23) e j\u00e1 traz uma conclus\u00e3o pr\u00e9via sobre a pandemia: o mundo n\u00e3o pode abrir m\u00e3o da soberania dos Estados no plano econ\u00f4mico. Sem esse poder, por exemplo, n\u00e3o haveria vacina, vacina\u00e7\u00e3o [&hellip;]<\/p>\n","protected":false},"author":2,"featured_media":10272,"comment_status":"","ping_status":"","sticky":false,"template":"","format":"standard","meta":{"footnotes":""},"categories":[3],"tags":[],"class_list":["post-10273","post","type-post","status-publish","format-standard","has-post-thumbnail","hentry","category-noticias"],"_links":{"self":[{"href":"https:\/\/hostnetart.com.br\/baixada\/wp-json\/wp\/v2\/posts\/10273","targetHints":{"allow":["GET"]}}],"collection":[{"href":"https:\/\/hostnetart.com.br\/baixada\/wp-json\/wp\/v2\/posts"}],"about":[{"href":"https:\/\/hostnetart.com.br\/baixada\/wp-json\/wp\/v2\/types\/post"}],"author":[{"embeddable":true,"href":"https:\/\/hostnetart.com.br\/baixada\/wp-json\/wp\/v2\/users\/2"}],"replies":[{"embeddable":true,"href":"https:\/\/hostnetart.com.br\/baixada\/wp-json\/wp\/v2\/comments?post=10273"}],"version-history":[{"count":0,"href":"https:\/\/hostnetart.com.br\/baixada\/wp-json\/wp\/v2\/posts\/10273\/revisions"}],"wp:featuredmedia":[{"embeddable":true,"href":"https:\/\/hostnetart.com.br\/baixada\/wp-json\/wp\/v2\/media\/10272"}],"wp:attachment":[{"href":"https:\/\/hostnetart.com.br\/baixada\/wp-json\/wp\/v2\/media?parent=10273"}],"wp:term":[{"taxonomy":"category","embeddable":true,"href":"https:\/\/hostnetart.com.br\/baixada\/wp-json\/wp\/v2\/categories?post=10273"},{"taxonomy":"post_tag","embeddable":true,"href":"https:\/\/hostnetart.com.br\/baixada\/wp-json\/wp\/v2\/tags?post=10273"}],"curies":[{"name":"wp","href":"https:\/\/api.w.org\/{rel}","templated":true}]}}