{"id":10271,"date":"2021-01-19T13:22:21","date_gmt":"2021-01-19T16:22:21","guid":{"rendered":"https:\/\/hostnetart.com.br\/baixada\/brasil-tem-210-mil-mortes-por-covid-19-e-casos-superam-pior-momento-da-pandemia\/"},"modified":"2021-01-19T13:22:21","modified_gmt":"2021-01-19T16:22:21","slug":"brasil-tem-210-mil-mortes-por-covid-19-e-casos-superam-pior-momento-da-pandemia","status":"publish","type":"post","link":"https:\/\/hostnetart.com.br\/baixada\/brasil-tem-210-mil-mortes-por-covid-19-e-casos-superam-pior-momento-da-pandemia\/","title":{"rendered":"Brasil tem 210 mil mortes por covid-19 e casos superam pior momento da pandemia"},"content":{"rendered":"<p>O Brasil chegou a 210.299 mortes por covid-19. Nesta segunda-feira (18) foram 452 novos casos de acordo com o balan\u00e7o do Conselho Nacional dos Secret\u00e1rios de Sa\u00fade (<a href=\"https:\/\/www.conass.org.br\/painelconasscovid19\/\" target=\"_blank\" rel=\"noopener noreferrer\">Conass<\/a>). J\u00e1 o n\u00famero de novos casos foi de 23.671. E desde o in\u00edcio da pandemia, em mar\u00e7o, os n\u00fameros oficiais d\u00e3o conta de 8.511.770 infectados. \u00c0s segundas-feiras os registros da covid-19 tendem a ser inferiores aos reais, j\u00e1 que existe um represamento de dados devido \u00e0 baixa notifica\u00e7\u00e3o em finais de semana, quando menos profissionais da sa\u00fade est\u00e3o ativos. O Conass tamb\u00e9m informa inconsist\u00eancias com os n\u00fameros do Paran\u00e1, que chegaram ao \u00f3rg\u00e3o com problemas e foram revisados.<\/p>\n<div class=\"wp-block-image\">\n<figure class=\"aligncenter size-large\"><img decoding=\"async\" class=\"wp-image-465766 lazy loaded\" src=\"https:\/\/www.redebrasilatual.com.br\/wp-content\/uploads\/2021\/01\/covid18.jpg\" sizes=\"(max-width: 539px) 100vw, 539px\" srcset=\"https:\/\/www.redebrasilatual.com.br\/wp-content\/uploads\/2021\/01\/covid18.jpg 539w, https:\/\/www.redebrasilatual.com.br\/wp-content\/uploads\/2021\/01\/covid18-360x158.jpg 360w\" alt=\"\" data-src=\"https:\/\/www.redebrasilatual.com.br\/wp-content\/uploads\/2021\/01\/covid18.jpg\" data-srcset=\"https:\/\/www.redebrasilatual.com.br\/wp-content\/uploads\/2021\/01\/covid18.jpg 539w, https:\/\/www.redebrasilatual.com.br\/wp-content\/uploads\/2021\/01\/covid18-360x158.jpg 360w\" data-sizes=\"(max-width: 539px) 100vw, 539px\" data-was-processed=\"true\" \/><figcaption>N\u00fameros da covid-19 no Brasil. Fonte: Conass<\/figcaption><\/figure>\n<\/div>\n<p>O pa\u00eds segue no enfrentamento a uma \u201csegunda onda\u201d de casos de cont\u00e1gio e de mortes, sem sequer ter deixado a primeira. Nas \u00faltimas semanas foram identificadas desde novas variedades do v\u00edrus, em contradi\u00e7\u00e3o com a diminui\u00e7\u00e3o do isolamento social. Festas de fim de ano contribu\u00edram especialmente para que a m\u00e9dia de mortes pela covid-19 no Brasil retornasse a cerca de de mil por dia.<\/p>\n<p>Ontem (17), a\u00a0<a href=\"https:\/\/www.redebrasilatual.com.br\/saude-e-ciencia\/2021\/01\/parecer-tecnico-anvisa-aprova-emergencial-coronavac\/\" target=\"_blank\" rel=\"noopener noreferrer\">vacina\u00e7\u00e3o com a CoronaVac come\u00e7ou oficialmente em S\u00e3o Paulo<\/a>. Hoje, capitais como Rio de Janeiro e Florian\u00f3polis tamb\u00e9m deram in\u00edcio ao processo. Entretanto, a\u00a0<a href=\"https:\/\/www.redebrasilatual.com.br\/saude-e-ciencia\/2021\/01\/vacina-coronavac-previsao-producao\/\" target=\"_blank\" rel=\"noopener noreferrer\">produ\u00e7\u00e3o das vacinas em larga escala ainda conta com incertezas<\/a>\u00a0e o processo de imuniza\u00e7\u00e3o deve ser longo. Apesar desse agravamento, as aglomera\u00e7\u00f5es seguem constantes, especialmente em festas e bares, o que coloca as autoridades de Sa\u00fade regionais em grande alerta. Mas n\u00e3o tem provocado a\u00e7\u00f5es mais contundentes dos governos, como recuar na flexibiliza\u00e7\u00e3o das atividades ou adotar medidas de co\u00edbam o afrouxamento.<\/p>\n<h2><span style=\"text-decoration: underline;\">M\u00e9dias<\/span><\/h2>\n<p>A m\u00e9dia epidemiol\u00f3gica nacional de novos casos calculada em um per\u00edodo de sete dias segue em um patamar mais elevado de toda a s\u00e9rie hist\u00f3rica. Isso porque o n\u00famero de 54.308 casos di\u00e1rios est\u00e1 acima do primeiro pico de casos, registrado entre julho e agosto. Em rela\u00e7\u00e3o \u00e0s mortes, o patamar \u00e9 similar, com 960 v\u00edtimas di\u00e1rias.<\/p>\n<p>A \u00faltima semana foi o per\u00edodo com maior n\u00famero de casos desde o in\u00edcio do surto de covid-19 no Brasil. Foram 379.061 novos casos, o que resulta muito acima dos 304 mil em m\u00e9dia entre julho e agosto. Em rela\u00e7\u00e3o \u00e0s mortes, 6.665 em sete dias, \u00edndice similar aos registrados em agosto.<\/p>\n<div class=\"wp-block-image\">\n<figure class=\"aligncenter size-large\"><img decoding=\"async\" class=\"wp-image-465767 lazy loaded\" src=\"https:\/\/www.redebrasilatual.com.br\/wp-content\/uploads\/2021\/01\/covid18-1.jpg\" sizes=\"(max-width: 964px) 100vw, 964px\" srcset=\"https:\/\/www.redebrasilatual.com.br\/wp-content\/uploads\/2021\/01\/covid18-1.jpg 964w, https:\/\/www.redebrasilatual.com.br\/wp-content\/uploads\/2021\/01\/covid18-1-360x117.jpg 360w, https:\/\/www.redebrasilatual.com.br\/wp-content\/uploads\/2021\/01\/covid18-1-768x249.jpg 768w\" alt=\"\" data-src=\"https:\/\/www.redebrasilatual.com.br\/wp-content\/uploads\/2021\/01\/covid18-1.jpg\" data-srcset=\"https:\/\/www.redebrasilatual.com.br\/wp-content\/uploads\/2021\/01\/covid18-1.jpg 964w, https:\/\/www.redebrasilatual.com.br\/wp-content\/uploads\/2021\/01\/covid18-1-360x117.jpg 360w, https:\/\/www.redebrasilatual.com.br\/wp-content\/uploads\/2021\/01\/covid18-1-768x249.jpg 768w\" data-sizes=\"(max-width: 964px) 100vw, 964px\" data-was-processed=\"true\" \/><figcaption>Curvas epidemiol\u00f3gicas de casos e mortes no Brasil. Momento \u00e9 de alerta. Fonte: Conass<\/figcaption><figcaption><\/figcaption><figcaption><\/figcaption><figcaption><strong>Fonte: Rede Brasil Atual<\/strong><\/figcaption><\/figure>\n<\/div>\n","protected":false},"excerpt":{"rendered":"<p>O Brasil chegou a 210.299 mortes por covid-19. Nesta segunda-feira (18) foram 452 novos casos de acordo com o balan\u00e7o do Conselho Nacional dos Secret\u00e1rios de Sa\u00fade (Conass). J\u00e1 o n\u00famero de novos casos foi de 23.671. E desde o in\u00edcio da pandemia, em mar\u00e7o, os n\u00fameros oficiais d\u00e3o conta de 8.511.770 infectados. \u00c0s segundas-feiras [&hellip;]<\/p>\n","protected":false},"author":2,"featured_media":10270,"comment_status":"","ping_status":"","sticky":false,"template":"","format":"standard","meta":{"footnotes":""},"categories":[3],"tags":[],"class_list":["post-10271","post","type-post","status-publish","format-standard","has-post-thumbnail","hentry","category-noticias"],"_links":{"self":[{"href":"https:\/\/hostnetart.com.br\/baixada\/wp-json\/wp\/v2\/posts\/10271","targetHints":{"allow":["GET"]}}],"collection":[{"href":"https:\/\/hostnetart.com.br\/baixada\/wp-json\/wp\/v2\/posts"}],"about":[{"href":"https:\/\/hostnetart.com.br\/baixada\/wp-json\/wp\/v2\/types\/post"}],"author":[{"embeddable":true,"href":"https:\/\/hostnetart.com.br\/baixada\/wp-json\/wp\/v2\/users\/2"}],"replies":[{"embeddable":true,"href":"https:\/\/hostnetart.com.br\/baixada\/wp-json\/wp\/v2\/comments?post=10271"}],"version-history":[{"count":0,"href":"https:\/\/hostnetart.com.br\/baixada\/wp-json\/wp\/v2\/posts\/10271\/revisions"}],"wp:featuredmedia":[{"embeddable":true,"href":"https:\/\/hostnetart.com.br\/baixada\/wp-json\/wp\/v2\/media\/10270"}],"wp:attachment":[{"href":"https:\/\/hostnetart.com.br\/baixada\/wp-json\/wp\/v2\/media?parent=10271"}],"wp:term":[{"taxonomy":"category","embeddable":true,"href":"https:\/\/hostnetart.com.br\/baixada\/wp-json\/wp\/v2\/categories?post=10271"},{"taxonomy":"post_tag","embeddable":true,"href":"https:\/\/hostnetart.com.br\/baixada\/wp-json\/wp\/v2\/tags?post=10271"}],"curies":[{"name":"wp","href":"https:\/\/api.w.org\/{rel}","templated":true}]}}