{"id":10267,"date":"2021-01-18T12:51:15","date_gmt":"2021-01-18T15:51:15","guid":{"rendered":"https:\/\/hostnetart.com.br\/baixada\/funcionarios-do-bb-fazem-manifestacoes-contra-plano-de-desmonte\/"},"modified":"2021-01-18T12:51:15","modified_gmt":"2021-01-18T15:51:15","slug":"funcionarios-do-bb-fazem-manifestacoes-contra-plano-de-desmonte","status":"publish","type":"post","link":"https:\/\/hostnetart.com.br\/baixada\/funcionarios-do-bb-fazem-manifestacoes-contra-plano-de-desmonte\/","title":{"rendered":"Funcion\u00e1rios do BB fazem manifesta\u00e7\u00f5es contra plano de desmonte"},"content":{"rendered":"<p>No primeiro dia de manifesta\u00e7\u00f5es contra o plano de desmonte do Banco do Brasil, nesta sexta-feira (15), ag\u00eancias e outros locais de trabalho no banco realizaram atos contra a reestrutura\u00e7\u00e3o anunciada esta semana. Em v\u00e1rios pontos do pais aconteceram protestos contra o plano, que prev\u00ea o fechamento de ag\u00eancias e outras unidades, a redu\u00e7\u00e3o do n\u00famero de caixas, um Plano de Demiss\u00f5es Volunt\u00e1rios (PDV) que tem por meta dispensar 5 mil trabalhadores do banco, al\u00e9m de outras medidas que prejudicam os funcion\u00e1rios.<\/p>\n<p>As manifesta\u00e7\u00f5es est\u00e3o sendo organizadas pela Comiss\u00e3o de Empresa dos Funcion\u00e1rios do Banco do Brasil (CEBB), pela Confedera\u00e7\u00e3o Nacional dos Trabalhadores do Ramo Financeiro (Contraf-CUT), pelas federa\u00e7\u00f5es e pelos sindicatos. \u201c\u00c9 o primeiro dia de manifesta\u00e7\u00f5es e teremos v\u00e1rias outras manifesta\u00e7\u00f5es. Vamos lutar. Vamos nos unir. Precisamos reagir contra a precariza\u00e7\u00e3o do atendimento no Banco do Brasil e principalmente contra a retirada de direitos dos funcion\u00e1rios\u201d, declarou o coordenador nacional da Comiss\u00e3o de Empresa dos Funcion\u00e1rios do Banco do Brasil (CEBB), Jo\u00e3o Fukunaga. Para ver o v\u00eddeo de uma manifesta\u00e7\u00e3o nesta sexta-feira em S\u00e3o Paulo, clique\u00a0<a href=\"https:\/\/youtu.be\/ZNuRcNtZsiA\">aqui<\/a>.<\/p>\n<p>Foram realizadas reuni\u00e3o dos funcion\u00e1rios nas ag\u00eancias e outras unidades. Banc\u00e1rios e banc\u00e1rias se vestiram com roupas pretas para manifestar indigna\u00e7\u00e3o contra o plano de desmonte. Outro protesto foi o tuita\u00e7o realizado nesta sexta-feira, \u00e0s 11h, com a hashtag #MeuBBvalemais.<\/p>\n<p>Para ver as fotos das manifesta\u00e7\u00f5es, clique\u00a0<a href=\"https:\/\/www.facebook.com\/media\/set\/?vanity=contrafcut&amp;set=a.4228608953818774\">aqui.<\/a><\/p>\n<p><strong>Fonte: Contraf-CUT<\/strong><\/p>\n","protected":false},"excerpt":{"rendered":"<p>No primeiro dia de manifesta\u00e7\u00f5es contra o plano de desmonte do Banco do Brasil, nesta sexta-feira (15), ag\u00eancias e outros locais de trabalho no banco realizaram atos contra a reestrutura\u00e7\u00e3o anunciada esta semana. Em v\u00e1rios pontos do pais aconteceram protestos contra o plano, que prev\u00ea o fechamento de ag\u00eancias e outras unidades, a redu\u00e7\u00e3o do [&hellip;]<\/p>\n","protected":false},"author":2,"featured_media":10266,"comment_status":"","ping_status":"","sticky":false,"template":"","format":"standard","meta":{"footnotes":""},"categories":[3],"tags":[],"class_list":["post-10267","post","type-post","status-publish","format-standard","has-post-thumbnail","hentry","category-noticias"],"_links":{"self":[{"href":"https:\/\/hostnetart.com.br\/baixada\/wp-json\/wp\/v2\/posts\/10267","targetHints":{"allow":["GET"]}}],"collection":[{"href":"https:\/\/hostnetart.com.br\/baixada\/wp-json\/wp\/v2\/posts"}],"about":[{"href":"https:\/\/hostnetart.com.br\/baixada\/wp-json\/wp\/v2\/types\/post"}],"author":[{"embeddable":true,"href":"https:\/\/hostnetart.com.br\/baixada\/wp-json\/wp\/v2\/users\/2"}],"replies":[{"embeddable":true,"href":"https:\/\/hostnetart.com.br\/baixada\/wp-json\/wp\/v2\/comments?post=10267"}],"version-history":[{"count":0,"href":"https:\/\/hostnetart.com.br\/baixada\/wp-json\/wp\/v2\/posts\/10267\/revisions"}],"wp:featuredmedia":[{"embeddable":true,"href":"https:\/\/hostnetart.com.br\/baixada\/wp-json\/wp\/v2\/media\/10266"}],"wp:attachment":[{"href":"https:\/\/hostnetart.com.br\/baixada\/wp-json\/wp\/v2\/media?parent=10267"}],"wp:term":[{"taxonomy":"category","embeddable":true,"href":"https:\/\/hostnetart.com.br\/baixada\/wp-json\/wp\/v2\/categories?post=10267"},{"taxonomy":"post_tag","embeddable":true,"href":"https:\/\/hostnetart.com.br\/baixada\/wp-json\/wp\/v2\/tags?post=10267"}],"curies":[{"name":"wp","href":"https:\/\/api.w.org\/{rel}","templated":true}]}}