{"id":10265,"date":"2021-01-18T12:50:19","date_gmt":"2021-01-18T15:50:19","guid":{"rendered":"https:\/\/hostnetart.com.br\/baixada\/gt-saude-caixa-foi-instalado-nesta-quinta-feira-14\/"},"modified":"2021-01-18T12:50:19","modified_gmt":"2021-01-18T15:50:19","slug":"gt-saude-caixa-foi-instalado-nesta-quinta-feira-14","status":"publish","type":"post","link":"https:\/\/hostnetart.com.br\/baixada\/gt-saude-caixa-foi-instalado-nesta-quinta-feira-14\/","title":{"rendered":"GT Sa\u00fade Caixa foi instalado nesta quinta-feira (14)"},"content":{"rendered":"<p>A primeira reuni\u00e3o do Grupo de Trabalho (GT) Sa\u00fade Caixa aconteceu na tarde desta quinta-feira (14), por videoconfer\u00eancia. O objetivo do grupo \u00e9 criar uma proposta de formato de custeio e de gest\u00e3o, que passar\u00e1 pelo crivo da mesa permanente de negocia\u00e7\u00e3o e, posteriormente, dos benefici\u00e1rios, antes de entrar em vigor a partir de 2 de janeiro de 2022.<\/p>\n<p>Nesta primeira reuni\u00e3o de apresenta\u00e7\u00e3o, Fabiana Proscholdt, coordenadora do GT Sa\u00fade CAIXA e tamb\u00e9m da CEE\/CAIXA, refor\u00e7ou que o GT \u00e9 fruto da negocia\u00e7\u00e3o do Acordo Coletivo e tem como princ\u00edpio a constru\u00e7\u00e3o de consenso de proposta(s) para sustentabilidade e viabilidade do plano de assist\u00eancia \u00e0 sa\u00fade dos empregados. \u201cE para que possamos construir propostas \u00e9 imprescind\u00edvel que tenhamos acesso a todas as informa\u00e7\u00f5es do nosso plano\u201d, advertiu.<\/p>\n<p>Os representantes da Caixa informaram que ser\u00e1 nivelado o conhecimento das informa\u00e7\u00f5es do plano, mas para resguardar os dados, ser\u00e1 assinado um termo de confidencialidade por todos os membros do GT. Al\u00e9m disso, a Caixa ir\u00e1 apresentar o relat\u00f3rio atuarial do Sa\u00fade Caixa do ano passado ao Conselho de Usu\u00e1rios at\u00e9 a pr\u00f3xima semana. Leonardo Quadros, representante dos empregados do GT Sa\u00fade Caixa, membro da CEE\/Caixa e diretor da Fetec\/SP, ressaltou a import\u00e2ncia da divulga\u00e7\u00e3o das premissas no qual o relat\u00f3rio foi produzido. \u201cEspero que tenhamos um grupo que, de fato, se debruce em solu\u00e7\u00f5es para que os empregados tenham um plano de sa\u00fade sustent\u00e1vel e acess\u00edvel a todos, indistintamente. O plano tem que ser acess\u00edvel independentemente de sua etapa na carreira dentro da empresa ou do momento de vida do colega\u201d.<\/p>\n<p>Os representantes dos empregados ressaltaram que v\u00e3o manter uma comunica\u00e7\u00e3o com os usu\u00e1rios do plano de sa\u00fade para compartilhar informa\u00e7\u00f5es sobre o andamento das negocia\u00e7\u00f5es, respeitando o sigilo de dados e o acordo de confiabilidade entre as partes. \u201cO Sa\u00fade Caixa para todos foi uma grande conquista do acordo coletivo. Como representantes dos trabalhadores, \u00e9 essencial mantermos esta interlocu\u00e7\u00e3o com todos os benefici\u00e1rios do plano\u201d, salientou Fabiana Proscholdt.<\/p>\n<h3>Sobre o Grupo de Trabalho<\/h3>\n<p>A instala\u00e7\u00e3o do grupo j\u00e1 estava sendo cobrada desde a assinatura do Acordo Coletivo, dada a import\u00e2ncia que o Sa\u00fade Caixa tem para todos os empregados.<\/p>\n<p>O GT deve apresentar um formato de custeio de gest\u00e3o do Sa\u00fade Caixa at\u00e9 o dia 31 de julho de 2021 e, posteriormente, encaminhar o debate das propostas para Mesa Permanente. A Mesa dever\u00e1 eleger a (as) melhor (es) alternativa (s) de custeio para o plano. Depois a proposta ser\u00e1 encaminhada ao conhecimento dos empregados para vota\u00e7\u00e3o at\u00e9 31 de agosto de 2021. A mais votada ser\u00e1 implementada at\u00e9 2 de janeiro de 2022. O GT vai se reunir ordinariamente todas as quintas-feiras, das 14h \u00e0s 16h. N\u00e3o est\u00e3o descartadas outras reuni\u00f5es, caso necess\u00e1rio.<\/p>\n<p>Os integrantes indicados pelos representantes dos empregados s\u00e3o: Fabiana Uehara, Leonardo Quadros, S\u00e9rgio Amorim, Alexandro Livramento, Lilian Minchin, Marilde Zarpellon e M\u00e1rcia Krambeck.<\/p>\n<h3>Reabertura do Sa\u00fade Caixa<\/h3>\n<p>Depois de muitas reivindica\u00e7\u00f5es e longas negocia\u00e7\u00f5es, a Caixa reabriu o Sa\u00fade Caixa no dia 8 de janeiro. Esta foi uma das maiores conquistas da Campanha Nacional dos Banc\u00e1rios de 2020 e est\u00e1 no Acordo Coletivo 2020\/2022. Em 2019 foi lan\u00e7ada a campanha \u201cSa\u00fade CAIXA para Todos\u201d para que todos os empregados fossem inclu\u00eddos no plano de assist\u00eancia \u00e0 sa\u00fade. Nesta reabertura cerca de 03 mil empregados al\u00e9m de seus familiares devem entrar no Sa\u00fade Caixa. Saiba aqui como aderir.<\/p>\n<p><strong>Fonte: Contraf-CUT<\/strong><\/p>\n","protected":false},"excerpt":{"rendered":"<p>A primeira reuni\u00e3o do Grupo de Trabalho (GT) Sa\u00fade Caixa aconteceu na tarde desta quinta-feira (14), por videoconfer\u00eancia. O objetivo do grupo \u00e9 criar uma proposta de formato de custeio e de gest\u00e3o, que passar\u00e1 pelo crivo da mesa permanente de negocia\u00e7\u00e3o e, posteriormente, dos benefici\u00e1rios, antes de entrar em vigor a partir de 2 [&hellip;]<\/p>\n","protected":false},"author":2,"featured_media":10264,"comment_status":"","ping_status":"","sticky":false,"template":"","format":"standard","meta":{"footnotes":""},"categories":[3],"tags":[],"class_list":["post-10265","post","type-post","status-publish","format-standard","has-post-thumbnail","hentry","category-noticias"],"_links":{"self":[{"href":"https:\/\/hostnetart.com.br\/baixada\/wp-json\/wp\/v2\/posts\/10265","targetHints":{"allow":["GET"]}}],"collection":[{"href":"https:\/\/hostnetart.com.br\/baixada\/wp-json\/wp\/v2\/posts"}],"about":[{"href":"https:\/\/hostnetart.com.br\/baixada\/wp-json\/wp\/v2\/types\/post"}],"author":[{"embeddable":true,"href":"https:\/\/hostnetart.com.br\/baixada\/wp-json\/wp\/v2\/users\/2"}],"replies":[{"embeddable":true,"href":"https:\/\/hostnetart.com.br\/baixada\/wp-json\/wp\/v2\/comments?post=10265"}],"version-history":[{"count":0,"href":"https:\/\/hostnetart.com.br\/baixada\/wp-json\/wp\/v2\/posts\/10265\/revisions"}],"wp:featuredmedia":[{"embeddable":true,"href":"https:\/\/hostnetart.com.br\/baixada\/wp-json\/wp\/v2\/media\/10264"}],"wp:attachment":[{"href":"https:\/\/hostnetart.com.br\/baixada\/wp-json\/wp\/v2\/media?parent=10265"}],"wp:term":[{"taxonomy":"category","embeddable":true,"href":"https:\/\/hostnetart.com.br\/baixada\/wp-json\/wp\/v2\/categories?post=10265"},{"taxonomy":"post_tag","embeddable":true,"href":"https:\/\/hostnetart.com.br\/baixada\/wp-json\/wp\/v2\/tags?post=10265"}],"curies":[{"name":"wp","href":"https:\/\/api.w.org\/{rel}","templated":true}]}}