{"id":10261,"date":"2021-01-15T11:28:32","date_gmt":"2021-01-15T14:28:32","guid":{"rendered":"https:\/\/hostnetart.com.br\/baixada\/pazuello-diz-que-inicia-vacinacao-no-dia-20-mas-incertezas-e-crise-se-agravam\/"},"modified":"2021-01-15T11:28:32","modified_gmt":"2021-01-15T14:28:32","slug":"pazuello-diz-que-inicia-vacinacao-no-dia-20-mas-incertezas-e-crise-se-agravam","status":"publish","type":"post","link":"https:\/\/hostnetart.com.br\/baixada\/pazuello-diz-que-inicia-vacinacao-no-dia-20-mas-incertezas-e-crise-se-agravam\/","title":{"rendered":"Pazuello diz que inicia vacina\u00e7\u00e3o no dia 20, mas incertezas e crise se agravam"},"content":{"rendered":"<p>\u201cDe acordo com @ministropazuelo, pr\u00f3xima segunda chegam as 2 milh\u00f5es de doses da Astrazeneca para estados. H\u00e1 tamb\u00e9m as 6 milh\u00f5es da Coronavac. Anvisa liberando domingo, distribuem na ter\u00e7a para iniciar na quarta, dia 20. Ou seja: 8 milh\u00f5es de doses para janeiro\u201d, escreveu o prefeito de Florian\u00f3polis, Gean Loureiro (DEM), no Twitter. A mensagem foi postada ap\u00f3s reuni\u00e3o do ministro militar da Sa\u00fade, Eduardo Pazuello, com cerca de 130 prefeitos, a maioria dos quais participou virtualmente. Por\u00e9m, o\u00a0<a href=\"https:\/\/www.redebrasilatual.com.br\/saude-e-ciencia\/2021\/01\/ministro-pazuello-vacinacao-no-brasil-comeca-no-dia-d-e-na-hora-h\/\" target=\"_blank\" rel=\"noopener noreferrer\">\u201cdia D\u201d e a \u201chora H\u201d<\/a>\u00a0para o in\u00edcio da distribui\u00e7\u00e3o da vacina contra a\u00a0<a href=\"https:\/\/www.redebrasilatual.com.br\/tag\/coronavirus\" target=\"_blank\" rel=\"noopener noreferrer\">covid-19<\/a>\u00a0ainda n\u00e3o est\u00e3o confirmados pelo pr\u00f3prio minist\u00e9rio comandado por Pazuello.<\/p>\n<p>Segundo a CNN Brasil, o avi\u00e3o que vai buscar 2 milh\u00f5es de doses da vacina de Oxford em Mumbai, na \u00cdndia, sai de Viracopos (em Campinas) nesta quinta-feira (14). Mas s\u00f3 deve deixar o Brasil amanh\u00e3, de Recife. O voo para Mumbai estava previsto para hoje, mas foi adiado.\u00a0 O lote \u00e9 referente \u00e0 importa\u00e7\u00e3o pedida pela Funda\u00e7\u00e3o Oswaldo Cruz (<a href=\"https:\/\/portal.fiocruz.br\/\" target=\"_blank\" rel=\"noopener noreferrer\">Fiocruz<\/a>) para adquirir o imunizante junto ao laborat\u00f3rio indiano Serum.<\/p>\n<p>A Ag\u00eancia Nacional de Vigil\u00e2ncia Sanit\u00e1ria (Anvisa) ainda n\u00e3o liberou o uso emergencial das vacinas CoronoVac (da chinesa Sinovac e Instituto Butant\u00e3) e de Oxford (AstraZeneca e Fiocruz). A decis\u00e3o da ag\u00eancia est\u00e1 marcada para domingo (17).<\/p>\n<h3><strong>Calamidade no Amazonas<\/strong><\/h3>\n<p>A situa\u00e7\u00e3o no Amazonas \u00e9 tr\u00e1gica. O pesquisador Jesem Orellana, da Fiocruz no estado,\u00a0\u00a0<a href=\"https:\/\/www.redebrasilatual.com.br\/saude-e-ciencia\/2021\/01\/manaus-fica-sem-oxigenio-dois-dias-depois-de-ministro-oferecer-cloroquina\/\" target=\"_blank\" rel=\"noopener noreferrer\">afirmou \u00e0 colunista M\u00f4nica Bergamo<\/a>\u00a0que \u201cacabou o oxig\u00eanio e os hospitais viraram c\u00e2maras de asfixia\u201d.<\/p>\n<p>Esse estado de coisas era previs\u00edvel por consenso entre especialistas da \u00e1rea m\u00e9dica, mas o governo continuou ignorando os alertas sobre a urg\u00eancia da vacina\u00e7\u00e3o. E, liderado pelo presidente Jair Bolsonaro, o Executivo vem minimizando o recrudescimento da grave crise sanit\u00e1ria que se alastra pelo pa\u00eds, que tamb\u00e9m era previs\u00edvel ap\u00f3s as festas de fim de ano.<\/p>\n<p>Apesar da situa\u00e7\u00e3o, a pasta de Pazuello, que esteve em Manaus na segunda (11) e se encontrou com prefeito da cidade, David Almeida (Avante) e com o governador do Amazonas, Wilson Lima (PSC),\u00a0<a href=\"https:\/\/www.redebrasilatual.com.br\/saude-e-ciencia\/2021\/01\/manaus-fica-sem-oxigenio-dois-dias-depois-de-ministro-oferecer-cloroquina\/\" target=\"_blank\" rel=\"noopener noreferrer\">encorajou o uso de rem\u00e9dios<\/a>\u00a0comprados em larga escala pelo governo, como a cloroquina e a ivermectina. Ambos sem efic\u00e1cia comprovada. Al\u00e9m de n\u00e3o coordenar a prepara\u00e7\u00e3o do pa\u00eds para a vacina, Pazuello n\u00e3o enxerga a gravidade da situa\u00e7\u00e3o em Manaus.<\/p>\n<p>O Brasil\u00a0<a href=\"https:\/\/www.redebrasilatual.com.br\/saude-e-ciencia\/2021\/01\/brasil-recorde-contagios-covid-19-numero-mortes-pior-momento-da-pandemia\/\" target=\"_blank\" rel=\"noopener noreferrer\">ultrapassou na quarta (13) os 205 mil mortos<\/a>\u00a0pela covid-19, com 1.274 novas v\u00edtimas fatais. Os n\u00fameros mostram o pa\u00eds retornando a n\u00fameros de junho a agosto. A m\u00e9dia m\u00f3vel de sete dias registrada ontem, de 1.044 mortes, \u00e9 a maior desde 4 de agosto.<\/p>\n<p><strong>Fonte: Rede Brasil Atual<\/strong><\/p>\n","protected":false},"excerpt":{"rendered":"<p>\u201cDe acordo com @ministropazuelo, pr\u00f3xima segunda chegam as 2 milh\u00f5es de doses da Astrazeneca para estados. H\u00e1 tamb\u00e9m as 6 milh\u00f5es da Coronavac. Anvisa liberando domingo, distribuem na ter\u00e7a para iniciar na quarta, dia 20. Ou seja: 8 milh\u00f5es de doses para janeiro\u201d, escreveu o prefeito de Florian\u00f3polis, Gean Loureiro (DEM), no Twitter. A mensagem [&hellip;]<\/p>\n","protected":false},"author":2,"featured_media":10260,"comment_status":"","ping_status":"","sticky":false,"template":"","format":"standard","meta":{"footnotes":""},"categories":[3],"tags":[],"class_list":["post-10261","post","type-post","status-publish","format-standard","has-post-thumbnail","hentry","category-noticias"],"_links":{"self":[{"href":"https:\/\/hostnetart.com.br\/baixada\/wp-json\/wp\/v2\/posts\/10261","targetHints":{"allow":["GET"]}}],"collection":[{"href":"https:\/\/hostnetart.com.br\/baixada\/wp-json\/wp\/v2\/posts"}],"about":[{"href":"https:\/\/hostnetart.com.br\/baixada\/wp-json\/wp\/v2\/types\/post"}],"author":[{"embeddable":true,"href":"https:\/\/hostnetart.com.br\/baixada\/wp-json\/wp\/v2\/users\/2"}],"replies":[{"embeddable":true,"href":"https:\/\/hostnetart.com.br\/baixada\/wp-json\/wp\/v2\/comments?post=10261"}],"version-history":[{"count":0,"href":"https:\/\/hostnetart.com.br\/baixada\/wp-json\/wp\/v2\/posts\/10261\/revisions"}],"wp:featuredmedia":[{"embeddable":true,"href":"https:\/\/hostnetart.com.br\/baixada\/wp-json\/wp\/v2\/media\/10260"}],"wp:attachment":[{"href":"https:\/\/hostnetart.com.br\/baixada\/wp-json\/wp\/v2\/media?parent=10261"}],"wp:term":[{"taxonomy":"category","embeddable":true,"href":"https:\/\/hostnetart.com.br\/baixada\/wp-json\/wp\/v2\/categories?post=10261"},{"taxonomy":"post_tag","embeddable":true,"href":"https:\/\/hostnetart.com.br\/baixada\/wp-json\/wp\/v2\/tags?post=10261"}],"curies":[{"name":"wp","href":"https:\/\/api.w.org\/{rel}","templated":true}]}}