{"id":10259,"date":"2021-01-15T11:27:14","date_gmt":"2021-01-15T14:27:14","guid":{"rendered":"https:\/\/hostnetart.com.br\/baixada\/desmonte-no-bb-e-noticia-na-tv\/"},"modified":"2021-01-15T11:27:14","modified_gmt":"2021-01-15T14:27:14","slug":"desmonte-no-bb-e-noticia-na-tv","status":"publish","type":"post","link":"https:\/\/hostnetart.com.br\/baixada\/desmonte-no-bb-e-noticia-na-tv\/","title":{"rendered":"Desmonte no BB \u00e9 not\u00edcia na TV"},"content":{"rendered":"<p>A proposta de desmonte do Bando do Brasil, esbo\u00e7ada no plano de reestrutura\u00e7\u00e3o apresentado esta semana pela dire\u00e7\u00e3o da institui\u00e7\u00e3o, foi not\u00edcia na no Seu Jornal, notici\u00e1rio da TVT. O rep\u00f3rter J\u00f4 Miyagui falou com o coordenador nacional da Comiss\u00e3o dos Empregados do Banco do Brasil (CEBB), Jo\u00e3o Fukunaga, e com o presidente do Sindicato dos Banc\u00e1rios do ABC, Belmiro Moreira.<\/p>\n<p>Para ver a reportagem, clique\u00a0<a href=\"https:\/\/www.youtube.com\/watch?v=0grSGl1UiXA\">aqui<\/a>.<\/p>\n<p><strong>Fonte: Contraf-CUT<\/strong><\/p>\n","protected":false},"excerpt":{"rendered":"<p>A proposta de desmonte do Bando do Brasil, esbo\u00e7ada no plano de reestrutura\u00e7\u00e3o apresentado esta semana pela dire\u00e7\u00e3o da institui\u00e7\u00e3o, foi not\u00edcia na no Seu Jornal, notici\u00e1rio da TVT. O rep\u00f3rter J\u00f4 Miyagui falou com o coordenador nacional da Comiss\u00e3o dos Empregados do Banco do Brasil (CEBB), Jo\u00e3o Fukunaga, e com o presidente do Sindicato [&hellip;]<\/p>\n","protected":false},"author":2,"featured_media":10258,"comment_status":"","ping_status":"","sticky":false,"template":"","format":"standard","meta":{"footnotes":""},"categories":[3],"tags":[],"class_list":["post-10259","post","type-post","status-publish","format-standard","has-post-thumbnail","hentry","category-noticias"],"_links":{"self":[{"href":"https:\/\/hostnetart.com.br\/baixada\/wp-json\/wp\/v2\/posts\/10259","targetHints":{"allow":["GET"]}}],"collection":[{"href":"https:\/\/hostnetart.com.br\/baixada\/wp-json\/wp\/v2\/posts"}],"about":[{"href":"https:\/\/hostnetart.com.br\/baixada\/wp-json\/wp\/v2\/types\/post"}],"author":[{"embeddable":true,"href":"https:\/\/hostnetart.com.br\/baixada\/wp-json\/wp\/v2\/users\/2"}],"replies":[{"embeddable":true,"href":"https:\/\/hostnetart.com.br\/baixada\/wp-json\/wp\/v2\/comments?post=10259"}],"version-history":[{"count":0,"href":"https:\/\/hostnetart.com.br\/baixada\/wp-json\/wp\/v2\/posts\/10259\/revisions"}],"wp:featuredmedia":[{"embeddable":true,"href":"https:\/\/hostnetart.com.br\/baixada\/wp-json\/wp\/v2\/media\/10258"}],"wp:attachment":[{"href":"https:\/\/hostnetart.com.br\/baixada\/wp-json\/wp\/v2\/media?parent=10259"}],"wp:term":[{"taxonomy":"category","embeddable":true,"href":"https:\/\/hostnetart.com.br\/baixada\/wp-json\/wp\/v2\/categories?post=10259"},{"taxonomy":"post_tag","embeddable":true,"href":"https:\/\/hostnetart.com.br\/baixada\/wp-json\/wp\/v2\/tags?post=10259"}],"curies":[{"name":"wp","href":"https:\/\/api.w.org\/{rel}","templated":true}]}}