{"id":10257,"date":"2021-01-15T11:24:50","date_gmt":"2021-01-15T14:24:50","guid":{"rendered":"https:\/\/hostnetart.com.br\/baixada\/funcionarios-do-bb-resistem-ao-desmonte-do-banco\/"},"modified":"2021-01-15T11:24:50","modified_gmt":"2021-01-15T14:24:50","slug":"funcionarios-do-bb-resistem-ao-desmonte-do-banco","status":"publish","type":"post","link":"https:\/\/hostnetart.com.br\/baixada\/funcionarios-do-bb-resistem-ao-desmonte-do-banco\/","title":{"rendered":"Funcion\u00e1rios do BB resistem ao desmonte do banco"},"content":{"rendered":"<p>Nesta sexta-feira haver\u00e1 uma mobiliza\u00e7\u00e3o nacional contra o desmonte do Banco do Brasil. Funcion\u00e1rios do banco v\u00e3o fazer reuni\u00f5es em ag\u00eancias e outras unidades, haver\u00e1 panfletagens para a popula\u00e7\u00e3o e um tuita\u00e7o \u00e0s 11h com a hashatg #MeuBBvalemais . A mobiliza\u00e7\u00e3o est\u00e1 sendo organizada pela Comiss\u00e3o de Empresa dos Funcion\u00e1rios do Banco do Brasil (CEBB), pela Confedera\u00e7\u00e3o Nacional dos Trabalhadores do Ramo Financeiro (Contraf-CUT), federa\u00e7\u00f5es e sindicatos.<\/p>\n<p>\u201cVamos resistir ao desmonte do Banco do Brasil que o governo Bolsonaro pretende fazer. Somos contra a precariza\u00e7\u00e3o do atendimento \u00e0 popula\u00e7\u00e3o, contra o descomissionamento de milhares de funcion\u00e1rios e a extin\u00e7\u00e3o dos caixas executivos. Somos contra o fechamento de ag\u00eancias. Defendemos o Banco do Brasil p\u00fablico e o financiamento \u00e0 agricultura familiar e \u00e0s micro e pequenas empresas. O bom do BB \u00e9 respeitar os funcion\u00e1rios e a popula\u00e7\u00e3o\u201d, afirmou Jo\u00e3o Fukunaga, coordenador nacional da CEBB.<\/p>\n<p>O tuita\u00e7o come\u00e7a \u00e0s 11h e as reuni\u00f5es nos locais de trabalho v\u00e3o ocorrer durante o dia. A CEBB vai organizar um calend\u00e1rio de mobiliza\u00e7\u00f5es para combater o desmonte do banco.<\/p>\n<p><strong>Fonte: Contraf-CUT<\/strong><\/p>\n","protected":false},"excerpt":{"rendered":"<p>Nesta sexta-feira haver\u00e1 uma mobiliza\u00e7\u00e3o nacional contra o desmonte do Banco do Brasil. Funcion\u00e1rios do banco v\u00e3o fazer reuni\u00f5es em ag\u00eancias e outras unidades, haver\u00e1 panfletagens para a popula\u00e7\u00e3o e um tuita\u00e7o \u00e0s 11h com a hashatg #MeuBBvalemais . A mobiliza\u00e7\u00e3o est\u00e1 sendo organizada pela Comiss\u00e3o de Empresa dos Funcion\u00e1rios do Banco do Brasil (CEBB), [&hellip;]<\/p>\n","protected":false},"author":2,"featured_media":10256,"comment_status":"","ping_status":"","sticky":false,"template":"","format":"standard","meta":{"footnotes":""},"categories":[3],"tags":[],"class_list":["post-10257","post","type-post","status-publish","format-standard","has-post-thumbnail","hentry","category-noticias"],"_links":{"self":[{"href":"https:\/\/hostnetart.com.br\/baixada\/wp-json\/wp\/v2\/posts\/10257","targetHints":{"allow":["GET"]}}],"collection":[{"href":"https:\/\/hostnetart.com.br\/baixada\/wp-json\/wp\/v2\/posts"}],"about":[{"href":"https:\/\/hostnetart.com.br\/baixada\/wp-json\/wp\/v2\/types\/post"}],"author":[{"embeddable":true,"href":"https:\/\/hostnetart.com.br\/baixada\/wp-json\/wp\/v2\/users\/2"}],"replies":[{"embeddable":true,"href":"https:\/\/hostnetart.com.br\/baixada\/wp-json\/wp\/v2\/comments?post=10257"}],"version-history":[{"count":0,"href":"https:\/\/hostnetart.com.br\/baixada\/wp-json\/wp\/v2\/posts\/10257\/revisions"}],"wp:featuredmedia":[{"embeddable":true,"href":"https:\/\/hostnetart.com.br\/baixada\/wp-json\/wp\/v2\/media\/10256"}],"wp:attachment":[{"href":"https:\/\/hostnetart.com.br\/baixada\/wp-json\/wp\/v2\/media?parent=10257"}],"wp:term":[{"taxonomy":"category","embeddable":true,"href":"https:\/\/hostnetart.com.br\/baixada\/wp-json\/wp\/v2\/categories?post=10257"},{"taxonomy":"post_tag","embeddable":true,"href":"https:\/\/hostnetart.com.br\/baixada\/wp-json\/wp\/v2\/tags?post=10257"}],"curies":[{"name":"wp","href":"https:\/\/api.w.org\/{rel}","templated":true}]}}