{"id":10255,"date":"2021-01-14T13:39:12","date_gmt":"2021-01-14T16:39:12","guid":{"rendered":"https:\/\/hostnetart.com.br\/baixada\/brasil-bate-recorde-de-contagios-da-covid-19-numero-de-mortes-repete-pior-momento-da-pandemia\/"},"modified":"2021-01-14T13:39:12","modified_gmt":"2021-01-14T16:39:12","slug":"brasil-bate-recorde-de-contagios-da-covid-19-numero-de-mortes-repete-pior-momento-da-pandemia","status":"publish","type":"post","link":"https:\/\/hostnetart.com.br\/baixada\/brasil-bate-recorde-de-contagios-da-covid-19-numero-de-mortes-repete-pior-momento-da-pandemia\/","title":{"rendered":"Brasil bate recorde de cont\u00e1gios da covid-19. N\u00famero de mortes repete pior momento da pandemia"},"content":{"rendered":"<p>O Brasil ultrapassou hoje (13) a marca de 205 mil mortos por covid-19. Nas \u00faltimas 24 horas, foram 1.274 novas v\u00edtimas oficialmente registradas. O n\u00famero est\u00e1 na m\u00e9dia dos piores dias da\u00a0<a href=\"https:\/\/www.redebrasilatual.com.br\/tag\/coronavirus\/\" target=\"_blank\" rel=\"noopener noreferrer\">pandemia<\/a>, registrados entre junho e agosto. A m\u00e9dia m\u00f3vel de sete dias registrada hoje, de 1.044 mortes, \u00e9 a maior desde 4 de agosto.<\/p>\n<p>J\u00e1 em rela\u00e7\u00e3o aos novos casos, mais um dia com grande acr\u00e9scimo: 60.899. Desde o in\u00edcio do surto, em mar\u00e7o, o Brasil soma, oficialmente, 8.256.536 infectados. Os n\u00fameros foram divulgados hoje pelo<a href=\"https:\/\/www.conass.org.br\/painelconasscovid19\/\" target=\"_blank\" rel=\"noopener noreferrer\">\u00a0Conselho Nacional dos Secret\u00e1rios de Sa\u00fade<\/a>\u00a0(Conass). A m\u00e9dia m\u00f3vel de novos casos, de 55.626 ocorr\u00eancias, segue batendo recordes desde 9 de janeiro. O valor \u00e9 muito superior \u00e0 m\u00e9dia do pior momento, registrado em 29 de julho do ano passado, de 46.536.<\/p>\n<div id=\"redeb-1507086366\" class=\"redeb-conteudo\">\u00a0<\/div>\n<div class=\"wp-block-image\">\n<figure class=\"aligncenter size-large\"><img decoding=\"async\" class=\"wp-image-464745\" src=\"https:\/\/www.redebrasilatual.com.br\/wp-content\/uploads\/2021\/01\/covid13.jpg\" sizes=\"(max-width: 867px) 100vw, 867px\" srcset=\"https:\/\/www.redebrasilatual.com.br\/wp-content\/uploads\/2021\/01\/covid13.jpg 867w, https:\/\/www.redebrasilatual.com.br\/wp-content\/uploads\/2021\/01\/covid13-360x116.jpg 360w, https:\/\/www.redebrasilatual.com.br\/wp-content\/uploads\/2021\/01\/covid13-768x247.jpg 768w\" alt=\"\" \/><figcaption>Curvas epidemiol\u00f3gicas m\u00e9dias de casos e mortos no Brasil. Momento \u00e9 um dos piores desde o in\u00edcio do surto. Fonte: Conass<\/figcaption><\/figure>\n<\/div>\n<h2>Realidade \u00e9 pior<\/h2>\n<p>O pa\u00eds \u00e9 o segundo do mundo com maior n\u00famero de mortos, atr\u00e1s apenas dos Estados Unidos. Por\u00e9m, as estat\u00edsticas oficiais n\u00e3o levam em conta a subnotifica\u00e7\u00e3o, realidade denunciada por cientistas e aceita por autoridades. O Brasil testa pouco para a covid-19.<\/p>\n<div id=\"redeb-1795793215\" class=\"redeb-content-placement-after-3rd-paragraph\">\u00a0<\/div>\n<p>De acordo com o boletim epidemiol\u00f3gico final de 2020 do Minist\u00e9rio da Sa\u00fade, 73.494 pessoas morreram por S\u00edndrome Respirat\u00f3ria Aguda Grave (Srag) n\u00e3o especificada. A covid-19, de acordo com relat\u00f3rio Infogripe da Funda\u00e7\u00e3o Oswaldo Cruz (Fiocruz), representou mais de 97% dos casos de Srag em 2020 no Brasil. Aliando os dois indicadores, \u00e9 poss\u00edvel que o pa\u00eds tenha ultrapassado com facilidade os 250 mil mortos.<\/p>\n<div class=\"wp-block-image\">\n<figure class=\"aligncenter size-large\"><img decoding=\"async\" class=\"wp-image-464746\" src=\"https:\/\/www.redebrasilatual.com.br\/wp-content\/uploads\/2021\/01\/covid13-1.jpg\" sizes=\"(max-width: 647px) 100vw, 647px\" srcset=\"https:\/\/www.redebrasilatual.com.br\/wp-content\/uploads\/2021\/01\/covid13-1.jpg 647w, https:\/\/www.redebrasilatual.com.br\/wp-content\/uploads\/2021\/01\/covid13-1-360x97.jpg 360w\" alt=\"\" \/><figcaption>Mortes por Srag em 2020 no Brasil. Fonte: Minist\u00e9rio da Sa\u00fade<\/figcaption><\/figure>\n<\/div>\n<h2><span style=\"text-decoration: underline;\">Problema para o mundo<\/span><\/h2>\n<p>O Brasil nunca promoveu medidas de isolamento social r\u00edgidas; mesmo as brandas foram abandonadas com velocidade. Tamb\u00e9m testa pouco e mal a popula\u00e7\u00e3o. Tampouco efetuou rastreio de cont\u00e1gios, algo que pa\u00edses que controlaram a covid-19, como Nova Zel\u00e2ndia, Uruguai e Cuba fizeram com sucesso. Ao contr\u00e1rio, o governo federal do presidente Jair Bolsonaro trabalhou para boicotar medidas da ci\u00eancia que t\u00eam por objetivo salvar vidas.<\/p>\n<p>Agora, ap\u00f3s a\u00a0<a href=\"https:\/\/www.redebrasilatual.com.br\/saude-e-ciencia\/2021\/01\/nova-variante-coronavirus-amazonas\/\" target=\"_blank\" rel=\"noopener noreferrer\">detec\u00e7\u00e3o de uma nova varia\u00e7\u00e3o do v\u00edrus Sars-Cov-2 no Amazonas<\/a>, o mundo passa a se preocupar ainda mais com o Brasil. O primeiro-ministro do Reino Unido, Boris Johnson, disse hoje que estuda bloquear a entrada de brasileiros na Inglaterra. \u201cEstamos preocupados com a variante brasileira (\u2026) Vamos pensar em medidas para proteger nosso pa\u00eds. Ainda temos muitas quest\u00f5es sobre essa varia\u00e7\u00e3o\u201d, disse.<\/p>\n<p>Para o m\u00e9dico neurocientista e pesquisador na Universidade de Oxford, Ricardo Parolin, a situa\u00e7\u00e3o \u00e9 grave. \u201cO Reino Unido est\u00e1 mais preocupado com a variante brasileira que o Brasil. Na segunda onda brit\u00e2nica j\u00e1 morreram mais pessoas que na primeira onda, e s\u00f3 nas \u00faltimas 24 horas morreram 1.564 pessoas, o recorde di\u00e1rio at\u00e9 agora. E o Brasil continua sem planos de controle epid\u00eamico\u201d, disse.<\/p>\n<h2><span style=\"text-decoration: underline;\">Sem fim<\/span><\/h2>\n<p>Al\u00e9m do recorde de mortes registrado no Reino Unido, os Estados Unidos tamb\u00e9m seguiram o mesmo caminho. Foram 4.327 v\u00edtimas fatais em 24 horas, de acordo com a Universidade Johns Hopkins. Os n\u00fameros elevados puxaram o balan\u00e7o global, que registrou o dia mais letal pela covid-19 desde o in\u00edcio da pandemia, h\u00e1 mais de um ano. Foram 17.186 mortos.<\/p>\n<p>Os Estados Unidos somam mais de 380 mil mortes e 22,8 milh\u00f5es de casos. Em todo o mundo, s\u00e3o 1.968.343 mortos e 92 milh\u00f5es de infectados. Aglomera\u00e7\u00f5es do fim de ano ainda devem trazer novos recordes de mortes em todo o mundo na pr\u00f3xima semana. Mesmo com mais de 50 pa\u00edses j\u00e1 vacinando sua popula\u00e7\u00e3o, a previs\u00e3o da Organiza\u00e7\u00e3o Mundial da Sa\u00fade (OMS) \u00e9 de que, em 2021, a pandemia n\u00e3o ser\u00e1 controlada. Assim, seguem as orienta\u00e7\u00f5es de higiene, uso de m\u00e1scara e isolamento social.<\/p>\n<p><strong>Fonte: Rede Brasil Atual<\/strong><\/p>\n","protected":false},"excerpt":{"rendered":"<p>O Brasil ultrapassou hoje (13) a marca de 205 mil mortos por covid-19. Nas \u00faltimas 24 horas, foram 1.274 novas v\u00edtimas oficialmente registradas. O n\u00famero est\u00e1 na m\u00e9dia dos piores dias da\u00a0pandemia, registrados entre junho e agosto. A m\u00e9dia m\u00f3vel de sete dias registrada hoje, de 1.044 mortes, \u00e9 a maior desde 4 de agosto. [&hellip;]<\/p>\n","protected":false},"author":2,"featured_media":10254,"comment_status":"","ping_status":"","sticky":false,"template":"","format":"standard","meta":{"footnotes":""},"categories":[3],"tags":[],"class_list":["post-10255","post","type-post","status-publish","format-standard","has-post-thumbnail","hentry","category-noticias"],"_links":{"self":[{"href":"https:\/\/hostnetart.com.br\/baixada\/wp-json\/wp\/v2\/posts\/10255","targetHints":{"allow":["GET"]}}],"collection":[{"href":"https:\/\/hostnetart.com.br\/baixada\/wp-json\/wp\/v2\/posts"}],"about":[{"href":"https:\/\/hostnetart.com.br\/baixada\/wp-json\/wp\/v2\/types\/post"}],"author":[{"embeddable":true,"href":"https:\/\/hostnetart.com.br\/baixada\/wp-json\/wp\/v2\/users\/2"}],"replies":[{"embeddable":true,"href":"https:\/\/hostnetart.com.br\/baixada\/wp-json\/wp\/v2\/comments?post=10255"}],"version-history":[{"count":0,"href":"https:\/\/hostnetart.com.br\/baixada\/wp-json\/wp\/v2\/posts\/10255\/revisions"}],"wp:featuredmedia":[{"embeddable":true,"href":"https:\/\/hostnetart.com.br\/baixada\/wp-json\/wp\/v2\/media\/10254"}],"wp:attachment":[{"href":"https:\/\/hostnetart.com.br\/baixada\/wp-json\/wp\/v2\/media?parent=10255"}],"wp:term":[{"taxonomy":"category","embeddable":true,"href":"https:\/\/hostnetart.com.br\/baixada\/wp-json\/wp\/v2\/categories?post=10255"},{"taxonomy":"post_tag","embeddable":true,"href":"https:\/\/hostnetart.com.br\/baixada\/wp-json\/wp\/v2\/tags?post=10255"}],"curies":[{"name":"wp","href":"https:\/\/api.w.org\/{rel}","templated":true}]}}