{"id":10253,"date":"2021-01-14T13:38:14","date_gmt":"2021-01-14T16:38:14","guid":{"rendered":"https:\/\/hostnetart.com.br\/baixada\/funcionarios-do-bb-fazem-na-sexta-feira-15-manifestacao-contra-reestruturacao\/"},"modified":"2021-01-14T13:38:14","modified_gmt":"2021-01-14T16:38:14","slug":"funcionarios-do-bb-fazem-na-sexta-feira-15-manifestacao-contra-reestruturacao","status":"publish","type":"post","link":"https:\/\/hostnetart.com.br\/baixada\/funcionarios-do-bb-fazem-na-sexta-feira-15-manifestacao-contra-reestruturacao\/","title":{"rendered":"Funcion\u00e1rios do BB fazem na sexta-feira (15) manifesta\u00e7\u00e3o contra reestrutura\u00e7\u00e3o"},"content":{"rendered":"<p>Os funcion\u00e1rios do Banco do Brasil realizam nesta sexta-feira (15) uma manifesta\u00e7\u00e3o nacional contra o plano de reestrutura\u00e7\u00e3o que prev\u00ea o fechamento de ag\u00eancias e outras unidades, um Plano de Demiss\u00f5es Volunt\u00e1rios (PDV) que tem por meta dispensar 5 mil trabalhadores do banco, al\u00e9m de outras medidas que prejudicam os trabalhadores do banco.<\/p>\n<p>As manifesta\u00e7\u00f5es est\u00e3o sendo organizadas pela Comiss\u00e3o de Empresa dos Funcion\u00e1rios do Banco do Brasil (CEBB), pela Confedera\u00e7\u00e3o Nacional dos Trabalhadores do Ramo Financeiro (Contraf-CUT), federa\u00e7\u00f5es e sindicatos. Est\u00e3o programadas reuni\u00f5es nas ag\u00eancias, quando os funcion\u00e1rios v\u00e3o discutir os impactos negativos do plano de reestrutura\u00e7\u00e3o. Tamb\u00e9m ser\u00e1 feito um di\u00e1logo com os clientes que procuram o atendimento no banco, quando ser\u00e1 distribu\u00edda uma carta aberta \u00e0 popula\u00e7\u00e3o.<\/p>\n<p>Nada justifica o desmonte do Banco do Brasil, uma institui\u00e7\u00e3o s\u00f3lida e que, de 2016 a 1019, registrou crescimento, em termos nominais, de 122% no lucro l\u00edquido. No mesmo per\u00edodo, a receita de tarifas aumentou 22%, tamb\u00e9m em termos nominais. Enquanto isso, a dire\u00e7\u00e3o do banco reduziu o quadro de funcion\u00e1rios cada vez mais. De 2016 at\u00e9 o terceiro trimestre de 2020, o n\u00famero de funcion\u00e1rios caiu de 109.864 para 92.106, uma redu\u00e7\u00e3o relativa de 16%. No mesmo per\u00edodo, o n\u00famero de ag\u00eancias foi reduzido de 5.428 para 4.370, uma redu\u00e7\u00e3o de 19%. \u00c9 o desmonte em andamento.<\/p>\n<p><strong>Tuita\u00e7o<\/strong><\/p>\n<p>Na sexta-feira, os trabalhadores v\u00e3o vestir roupas pretas para manifestar sua indigna\u00e7\u00e3o ao plano da dire\u00e7\u00e3o do BB, que na pr\u00e1tica avan\u00e7a na meta do governo de desmonte do banco p\u00fablico. \u00c0s 11h desta sexta-feira tamb\u00e9m ser\u00e1 realizado um tuita\u00e7o contra o plano de reestrutura\u00e7\u00e3o. Nesse hor\u00e1rio ser\u00e1 divulgado pela rede a hashtag #MeuBBvalemais .<\/p>\n<p>\u201cEssa ser\u00e1 a primeira atividade de uma campanha contra essa reestrutura\u00e7\u00e3o. Em cada sindicato haver\u00e1, nos pr\u00f3ximos dias, plen\u00e1rias de funcion\u00e1rios do banco para discutir formas de combater esse ataque ao BB e a seus trabalhadores. Vamos criar um calend\u00e1rio de lutas para impedir essas medidas. Convocamos os funcion\u00e1rios do banco a reagirem a essa arbitrariedade da dire\u00e7\u00e3o do banco\u201d, afirmou Jo\u00e3o Fukunaga, coordenador nacional da CEBB.<\/p>\n<p><strong>Fonte: Contraf-CUT<\/strong><\/p>\n","protected":false},"excerpt":{"rendered":"<p>Os funcion\u00e1rios do Banco do Brasil realizam nesta sexta-feira (15) uma manifesta\u00e7\u00e3o nacional contra o plano de reestrutura\u00e7\u00e3o que prev\u00ea o fechamento de ag\u00eancias e outras unidades, um Plano de Demiss\u00f5es Volunt\u00e1rios (PDV) que tem por meta dispensar 5 mil trabalhadores do banco, al\u00e9m de outras medidas que prejudicam os trabalhadores do banco. As manifesta\u00e7\u00f5es [&hellip;]<\/p>\n","protected":false},"author":2,"featured_media":10252,"comment_status":"","ping_status":"","sticky":false,"template":"","format":"standard","meta":{"footnotes":""},"categories":[3],"tags":[],"class_list":["post-10253","post","type-post","status-publish","format-standard","has-post-thumbnail","hentry","category-noticias"],"_links":{"self":[{"href":"https:\/\/hostnetart.com.br\/baixada\/wp-json\/wp\/v2\/posts\/10253","targetHints":{"allow":["GET"]}}],"collection":[{"href":"https:\/\/hostnetart.com.br\/baixada\/wp-json\/wp\/v2\/posts"}],"about":[{"href":"https:\/\/hostnetart.com.br\/baixada\/wp-json\/wp\/v2\/types\/post"}],"author":[{"embeddable":true,"href":"https:\/\/hostnetart.com.br\/baixada\/wp-json\/wp\/v2\/users\/2"}],"replies":[{"embeddable":true,"href":"https:\/\/hostnetart.com.br\/baixada\/wp-json\/wp\/v2\/comments?post=10253"}],"version-history":[{"count":0,"href":"https:\/\/hostnetart.com.br\/baixada\/wp-json\/wp\/v2\/posts\/10253\/revisions"}],"wp:featuredmedia":[{"embeddable":true,"href":"https:\/\/hostnetart.com.br\/baixada\/wp-json\/wp\/v2\/media\/10252"}],"wp:attachment":[{"href":"https:\/\/hostnetart.com.br\/baixada\/wp-json\/wp\/v2\/media?parent=10253"}],"wp:term":[{"taxonomy":"category","embeddable":true,"href":"https:\/\/hostnetart.com.br\/baixada\/wp-json\/wp\/v2\/categories?post=10253"},{"taxonomy":"post_tag","embeddable":true,"href":"https:\/\/hostnetart.com.br\/baixada\/wp-json\/wp\/v2\/tags?post=10253"}],"curies":[{"name":"wp","href":"https:\/\/api.w.org\/{rel}","templated":true}]}}