{"id":10251,"date":"2021-01-14T00:06:25","date_gmt":"2021-01-14T03:06:25","guid":{"rendered":"https:\/\/hostnetart.com.br\/baixada\/sindicato-dos-bancarios-da-baixada-fluminense-lamenta-a-morte-de-wilson-franca-dos-santos\/"},"modified":"2021-01-14T00:06:25","modified_gmt":"2021-01-14T03:06:25","slug":"sindicato-dos-bancarios-da-baixada-fluminense-lamenta-a-morte-de-wilson-franca-dos-santos","status":"publish","type":"post","link":"https:\/\/hostnetart.com.br\/baixada\/sindicato-dos-bancarios-da-baixada-fluminense-lamenta-a-morte-de-wilson-franca-dos-santos\/","title":{"rendered":"Sindicato dos Banc\u00e1rios da Baixada Fluminense lamenta a morte de Wilson Franca dos Santos"},"content":{"rendered":"<p>O Sindicato dos Banc\u00e1rios da Baixada Fluminense lamenta\u00a0o falecimento do banc\u00e1rio e companheiro de lutas, Wilson Franca dos Santos.<\/p>\n<p>Wilson era banc\u00e1rio, oriundo do Banespa e, posteriormente, do Banco Santander.<\/p>\n<p>Foi Presidente do Diret\u00f3rio Municipal do Partido dos Trabalhadores em Petr\u00f3polis, dirigiu o INPAS (Instituto de Previd\u00eancia e Assist\u00eancia Social do Servidor P\u00fablico do Munic\u00edpio de Petr\u00f3polis) e presidiu o Sindicato dos Banc\u00e1rios de Petr\u00f3polis nos mandatos de 2005 a 2008 e de 2008 a 2011. No ano de 2009, se licenciou para exercer a fun\u00e7\u00e3o de Chefe de Gabinete da Prefeitura no Governo Paulo Mustrangi.<\/p>\n<p>Nos \u00faltimos anos, Wilson enfrentava uma luta contra o c\u00e2ncer, mas n\u00e3o resistiu \u00e0 complica\u00e7\u00f5es geradas pela Covid-19.<\/p>\n<p>Nossos sentimentos e p\u00easames aos familiares e amigos.<\/p>\n<p>Companheiro Wilson Franca dos Santos, PRESENTE!<\/p>\n","protected":false},"excerpt":{"rendered":"<p>O Sindicato dos Banc\u00e1rios da Baixada Fluminense lamenta\u00a0o falecimento do banc\u00e1rio e companheiro de lutas, Wilson Franca dos Santos. Wilson era banc\u00e1rio, oriundo do Banespa e, posteriormente, do Banco Santander. Foi Presidente do Diret\u00f3rio Municipal do Partido dos Trabalhadores em Petr\u00f3polis, dirigiu o INPAS (Instituto de Previd\u00eancia e Assist\u00eancia Social do Servidor P\u00fablico do Munic\u00edpio [&hellip;]<\/p>\n","protected":false},"author":2,"featured_media":10250,"comment_status":"","ping_status":"","sticky":false,"template":"","format":"standard","meta":{"footnotes":""},"categories":[3],"tags":[],"class_list":["post-10251","post","type-post","status-publish","format-standard","has-post-thumbnail","hentry","category-noticias"],"_links":{"self":[{"href":"https:\/\/hostnetart.com.br\/baixada\/wp-json\/wp\/v2\/posts\/10251","targetHints":{"allow":["GET"]}}],"collection":[{"href":"https:\/\/hostnetart.com.br\/baixada\/wp-json\/wp\/v2\/posts"}],"about":[{"href":"https:\/\/hostnetart.com.br\/baixada\/wp-json\/wp\/v2\/types\/post"}],"author":[{"embeddable":true,"href":"https:\/\/hostnetart.com.br\/baixada\/wp-json\/wp\/v2\/users\/2"}],"replies":[{"embeddable":true,"href":"https:\/\/hostnetart.com.br\/baixada\/wp-json\/wp\/v2\/comments?post=10251"}],"version-history":[{"count":0,"href":"https:\/\/hostnetart.com.br\/baixada\/wp-json\/wp\/v2\/posts\/10251\/revisions"}],"wp:featuredmedia":[{"embeddable":true,"href":"https:\/\/hostnetart.com.br\/baixada\/wp-json\/wp\/v2\/media\/10250"}],"wp:attachment":[{"href":"https:\/\/hostnetart.com.br\/baixada\/wp-json\/wp\/v2\/media?parent=10251"}],"wp:term":[{"taxonomy":"category","embeddable":true,"href":"https:\/\/hostnetart.com.br\/baixada\/wp-json\/wp\/v2\/categories?post=10251"},{"taxonomy":"post_tag","embeddable":true,"href":"https:\/\/hostnetart.com.br\/baixada\/wp-json\/wp\/v2\/tags?post=10251"}],"curies":[{"name":"wp","href":"https:\/\/api.w.org\/{rel}","templated":true}]}}