{"id":10249,"date":"2021-01-13T16:59:22","date_gmt":"2021-01-13T19:59:22","guid":{"rendered":"https:\/\/hostnetart.com.br\/baixada\/campanha-tributar-os-super-ricos-ganha-nova-adesao\/"},"modified":"2021-01-13T16:59:22","modified_gmt":"2021-01-13T19:59:22","slug":"campanha-tributar-os-super-ricos-ganha-nova-adesao","status":"publish","type":"post","link":"https:\/\/hostnetart.com.br\/baixada\/campanha-tributar-os-super-ricos-ganha-nova-adesao\/","title":{"rendered":"Campanha Tributar os Super-Ricos ganha nova ades\u00e3o"},"content":{"rendered":"<p>A jornalista Manuela D\u2019Avila, ex-deputada federal e ex-candidata a vice-presidenta da Rep\u00fablica, anunciou sua ades\u00e3o \u00e0 campanha Tributar os Super-Ricos. Manuela ressalta em v\u00eddeo nas redes sociais que a campanha \u00e9 por justi\u00e7a social e tribut\u00e1ria no Brasil. Ela tamb\u00e9m destaca a mascote da campanha, a personagem Niara, cria\u00e7\u00e3o do cartunista Aroeira para animar a campanha.<\/p>\n<p>Veja o depoimento de Manuela D\u2019Avila nas redes sociais.<\/p>\n<p>?? no facebook : https:\/\/fb.watch\/2Zv8foKsR-\/<\/p>\n<p>\u00a0?? no instagram :\u00a0<a href=\"https:\/\/www.instagram.com\/p\/CJ8yaWOhYxE\/\">https:\/\/www.instagram.com\/p\/CJ8yaWOhYxE\/<\/a><\/p>\n<p><strong>Saiba mais:<\/strong><\/p>\n<p><a href=\"https:\/\/contrafcut.com.br\/noticias\/conheca-niara-mascote-da-campanha-tributar-os-super-ricos\/?swcfpc=1\">Conhe\u00e7a Niara, mascote da campanha Tributar os Super-ricos<\/a><\/p>\n<p><a href=\"https:\/\/contrafcut.com.br\/noticias\/campanha-cobra-medidas-para-tributar-super-ricos\/\">Campanha cobra medidas para tributar super-ricos<\/a><\/p>\n<p><strong>Fonte: Contraf-CUT<\/strong><\/p>\n","protected":false},"excerpt":{"rendered":"<p>A jornalista Manuela D\u2019Avila, ex-deputada federal e ex-candidata a vice-presidenta da Rep\u00fablica, anunciou sua ades\u00e3o \u00e0 campanha Tributar os Super-Ricos. Manuela ressalta em v\u00eddeo nas redes sociais que a campanha \u00e9 por justi\u00e7a social e tribut\u00e1ria no Brasil. Ela tamb\u00e9m destaca a mascote da campanha, a personagem Niara, cria\u00e7\u00e3o do cartunista Aroeira para animar a [&hellip;]<\/p>\n","protected":false},"author":2,"featured_media":10248,"comment_status":"","ping_status":"","sticky":false,"template":"","format":"standard","meta":{"footnotes":""},"categories":[3],"tags":[],"class_list":["post-10249","post","type-post","status-publish","format-standard","has-post-thumbnail","hentry","category-noticias"],"_links":{"self":[{"href":"https:\/\/hostnetart.com.br\/baixada\/wp-json\/wp\/v2\/posts\/10249","targetHints":{"allow":["GET"]}}],"collection":[{"href":"https:\/\/hostnetart.com.br\/baixada\/wp-json\/wp\/v2\/posts"}],"about":[{"href":"https:\/\/hostnetart.com.br\/baixada\/wp-json\/wp\/v2\/types\/post"}],"author":[{"embeddable":true,"href":"https:\/\/hostnetart.com.br\/baixada\/wp-json\/wp\/v2\/users\/2"}],"replies":[{"embeddable":true,"href":"https:\/\/hostnetart.com.br\/baixada\/wp-json\/wp\/v2\/comments?post=10249"}],"version-history":[{"count":0,"href":"https:\/\/hostnetart.com.br\/baixada\/wp-json\/wp\/v2\/posts\/10249\/revisions"}],"wp:featuredmedia":[{"embeddable":true,"href":"https:\/\/hostnetart.com.br\/baixada\/wp-json\/wp\/v2\/media\/10248"}],"wp:attachment":[{"href":"https:\/\/hostnetart.com.br\/baixada\/wp-json\/wp\/v2\/media?parent=10249"}],"wp:term":[{"taxonomy":"category","embeddable":true,"href":"https:\/\/hostnetart.com.br\/baixada\/wp-json\/wp\/v2\/categories?post=10249"},{"taxonomy":"post_tag","embeddable":true,"href":"https:\/\/hostnetart.com.br\/baixada\/wp-json\/wp\/v2\/tags?post=10249"}],"curies":[{"name":"wp","href":"https:\/\/api.w.org\/{rel}","templated":true}]}}