{"id":10247,"date":"2021-01-13T15:42:03","date_gmt":"2021-01-13T18:42:03","guid":{"rendered":"https:\/\/hostnetart.com.br\/baixada\/desmonte-do-banco-do-brasil-vai-precarizar-atendimento-a-populacao\/"},"modified":"2021-01-13T15:42:03","modified_gmt":"2021-01-13T18:42:03","slug":"desmonte-do-banco-do-brasil-vai-precarizar-atendimento-a-populacao","status":"publish","type":"post","link":"https:\/\/hostnetart.com.br\/baixada\/desmonte-do-banco-do-brasil-vai-precarizar-atendimento-a-populacao\/","title":{"rendered":"Desmonte do Banco do Brasil vai precarizar atendimento \u00e0 popula\u00e7\u00e3o"},"content":{"rendered":"<p>O Banco do Brasil\u00a0<a href=\"https:\/\/www.redebrasilatual.com.br\/economia\/2021\/01\/desmonte-do-banco-do-brasil-e-compromisso-de-guedes-tem-de-vender-essa-p-logo\/\">anunciou<\/a>\u00a0nesta segunda-feira (11) que pretende demitir 5 mil funcion\u00e1rios at\u00e9 o in\u00edcio de fevereiro e desativar 361 unidades, entre as quais 112 ag\u00eancias e 242 postos de atendimento. Al\u00e9m do ataque aos direitos dos trabalhadores, que est\u00e3o sendo removidos dos seus pontos, com comiss\u00f5es reduzidas, esse desmonte tamb\u00e9m deve afetar o atendimento \u00e0 popula\u00e7\u00e3o.<\/p>\n<p>Em entrevista ao\u00a0<em><a href=\"https:\/\/www.youtube.com\/watch?v=9JsDOaxq5Io\">Jornal Brasil Atual<\/a><\/em>, nesta quarta-feira (13), o\u00a0coordenador nacional da Comiss\u00e3o de Empresa dos Funcion\u00e1rios\u00a0do Banco do Brasil (CEBB),\u00a0Jo\u00e3o Fukunaga, diz que o banco se utiliza do crescimento do atendimento digital para justificar o fechamento das ag\u00eancias. Contudo, nem todos t\u00eam acesso aos meios virtuais.<\/p>\n<p>De um lado, esse fechamento pode abrir espa\u00e7o para a atua\u00e7\u00e3o de bancos privados, que cobram tarifas mais elevadas e juros mais altos. Por outro, h\u00e1 regi\u00f5es onde n\u00e3o h\u00e1 interesse da iniciativa privada em manter o atendimento. Os principais prejudicados, segundo Fukunaga, ser\u00e3o os agricultores familiares, micro e pequenos empres\u00e1rios, idosos e correntistas de baixa renda.<\/p>\n<p>\u201cEstamos no meio de uma pandemia. \u00c9 \u00f3bvio que o atendimento digital vai aumentar. Mas, mesmo assim, \u00e9 poss\u00edvel perceber a quantidade de pessoas buscando atendimento nas ag\u00eancias, principalmente aquelas que t\u00eam acima de 60 anos. Essas pessoas n\u00e3o t\u00eam familiaridade com o banco digital\u201d, criticou.<\/p>\n<p>Da mesma forma, a popula\u00e7\u00e3o carente tamb\u00e9m tem dificuldade em acessar essas ferramentas. \u201cPara acessar o aplicativo, \u00e9 preciso ter acesso a internet. Normalmente essas pessoas t\u00eam celulares que s\u00e3o pr\u00e9-pagos, o que dificulta. O banco n\u00e3o vai atender essa pessoa pelos canais digitais, n\u00e3o vai atender nas ag\u00eancias tradicionais. V\u00e3o fazer o qu\u00ea? Perder esses clientes?\u201d, questionou.<\/p>\n<h2><span style=\"text-decoration: underline;\">Cr\u00e9dito<\/span><\/h2>\n<p>O representante dos funcion\u00e1rios destacou que o BB responde por cerca de 55% do cr\u00e9dito agr\u00edcola voltado para a agricultura familiar. Nesse processo de \u201creestrutura\u00e7\u00e3o\u201d, a institui\u00e7\u00e3o anunciou a abertura de 14 \u201cescrit\u00f3rios agro\u201d. Mas s\u00e3o unidades voltadas para atender ao agroneg\u00f3cio, e n\u00e3o aos pequenos produtores.<\/p>\n<p>\u201cSe o banco est\u00e1 fechando unidades comerciais normais, entende-se que a agricultura familiar vai ter dificuldade de acessar esse cr\u00e9dito. J\u00e1 o agroneg\u00f3cio \u00e9 voltado para a exporta\u00e7\u00e3o, e n\u00e3o traz o alimento para as nossas mesas. \u00c9 terr\u00edvel essa segmenta\u00e7\u00e3o que o banco est\u00e1 fazendo, e uma falta de respeito com a popula\u00e7\u00e3o\u201d.<\/p>\n<p>Al\u00e9m disso, Fukunaga tamb\u00e9m destacou que, durante a pandemia, o Banco do Brasil atendeu a mais de 110 mil micro e pequenas empresas. Os recursos emprestados atrav\u00e9s do Programa Nacional de Apoio \u00e0s Microempresas e Empresas de Pequeno Porte (Pronampe) somaram R$ 6,9 bilh\u00f5es.<\/p>\n<h2><span style=\"text-decoration: underline;\">Balan\u00e7o<\/span><\/h2>\n<p>Al\u00e9m do preju\u00edzo ao p\u00fablico, o dirigente afirma que os cortes tamb\u00e9m n\u00e3o se justificam, considerando o balan\u00e7o financeiro da institui\u00e7\u00e3o. Em 2020, por exemplo, o banco registrou lucro l\u00edquido de R$ 17 bilh\u00f5es, com crescimento de 122% em rela\u00e7\u00e3o ao ano anterior. Enquanto isso, a base de clientes tamb\u00e9m cresceu, atingindo a marca de 73 milh\u00f5es. Contudo, nos \u00faltimos cinco anos, entre o in\u00edcio de 2016 e setembro de 2020, o BB j\u00e1 eliminou mais de 17 mil postos de trabalho, fechando 1.058 ag\u00eancias.<\/p>\n<p><strong>Fonte: Rede Brasil Atual<\/strong><\/p>\n","protected":false},"excerpt":{"rendered":"<p>O Banco do Brasil\u00a0anunciou\u00a0nesta segunda-feira (11) que pretende demitir 5 mil funcion\u00e1rios at\u00e9 o in\u00edcio de fevereiro e desativar 361 unidades, entre as quais 112 ag\u00eancias e 242 postos de atendimento. Al\u00e9m do ataque aos direitos dos trabalhadores, que est\u00e3o sendo removidos dos seus pontos, com comiss\u00f5es reduzidas, esse desmonte tamb\u00e9m deve afetar o atendimento [&hellip;]<\/p>\n","protected":false},"author":2,"featured_media":10246,"comment_status":"","ping_status":"","sticky":false,"template":"","format":"standard","meta":{"footnotes":""},"categories":[3],"tags":[],"class_list":["post-10247","post","type-post","status-publish","format-standard","has-post-thumbnail","hentry","category-noticias"],"_links":{"self":[{"href":"https:\/\/hostnetart.com.br\/baixada\/wp-json\/wp\/v2\/posts\/10247","targetHints":{"allow":["GET"]}}],"collection":[{"href":"https:\/\/hostnetart.com.br\/baixada\/wp-json\/wp\/v2\/posts"}],"about":[{"href":"https:\/\/hostnetart.com.br\/baixada\/wp-json\/wp\/v2\/types\/post"}],"author":[{"embeddable":true,"href":"https:\/\/hostnetart.com.br\/baixada\/wp-json\/wp\/v2\/users\/2"}],"replies":[{"embeddable":true,"href":"https:\/\/hostnetart.com.br\/baixada\/wp-json\/wp\/v2\/comments?post=10247"}],"version-history":[{"count":0,"href":"https:\/\/hostnetart.com.br\/baixada\/wp-json\/wp\/v2\/posts\/10247\/revisions"}],"wp:featuredmedia":[{"embeddable":true,"href":"https:\/\/hostnetart.com.br\/baixada\/wp-json\/wp\/v2\/media\/10246"}],"wp:attachment":[{"href":"https:\/\/hostnetart.com.br\/baixada\/wp-json\/wp\/v2\/media?parent=10247"}],"wp:term":[{"taxonomy":"category","embeddable":true,"href":"https:\/\/hostnetart.com.br\/baixada\/wp-json\/wp\/v2\/categories?post=10247"},{"taxonomy":"post_tag","embeddable":true,"href":"https:\/\/hostnetart.com.br\/baixada\/wp-json\/wp\/v2\/tags?post=10247"}],"curies":[{"name":"wp","href":"https:\/\/api.w.org\/{rel}","templated":true}]}}