{"id":10245,"date":"2021-01-13T13:26:38","date_gmt":"2021-01-13T16:26:38","guid":{"rendered":"https:\/\/hostnetart.com.br\/baixada\/mais-um-bancario-do-bradesco-e-reintegrado-pelo-sindicato-dos-bancarios-da-baixada-fluminense-em-2021\/"},"modified":"2021-01-13T13:26:38","modified_gmt":"2021-01-13T16:26:38","slug":"mais-um-bancario-do-bradesco-e-reintegrado-pelo-sindicato-dos-bancarios-da-baixada-fluminense-em-2021","status":"publish","type":"post","link":"https:\/\/hostnetart.com.br\/baixada\/mais-um-bancario-do-bradesco-e-reintegrado-pelo-sindicato-dos-bancarios-da-baixada-fluminense-em-2021\/","title":{"rendered":"Mais um banc\u00e1rio do Bradesco \u00e9 reintegrado pelo Sindicato dos Banc\u00e1rios da Baixada Fluminense em 2021"},"content":{"rendered":"<div dir=\"auto\">Ainda estamos nos primeiros dias do ano de 2021, mas o trabalho do Sindicato dos Banc\u00e1rios da Baixada Fluminense n\u00e3o para. Hoje, dia 13 de janeiro, mais um banc\u00e1rio do Banco Bradesco foi reintegrado pelo Sindicato, atrav\u00e9s de seus Departamentos Jur\u00eddico e de Sa\u00fade.<\/div>\n<div dir=\"auto\">\u00a0<\/div>\n<div dir=\"auto\">O banc\u00e1rio\u00a0Marco Antonio Rogerio, do Banco Bradesco, teve sua demiss\u00e3o revertida ap\u00f3s decis\u00e3o judicial proferida pela\u00a07a Vara do Trabalho de Duque de Caxias.<\/div>\n<div dir=\"auto\">\u00a0<\/div>\n<div dir=\"auto\">\u00c9 mais um trabalhador reintegrado \u00e0s suas fun\u00e7\u00f5es em plena pandemia do novo coronav\u00edrus, que j\u00e1 matou mais de 200 mil brasileiros.<\/div>\n<div dir=\"auto\">\u00a0<\/div>\n<div dir=\"auto\">\n<div dir=\"auto\"><strong>ENTENDA O CASO<\/strong><\/div>\n<div dir=\"auto\">\u00a0<\/div>\n<div dir=\"auto\">Os bancos vem contrariando um compromisso firmado com a categoria banc\u00e1ria de n\u00e3o demitir durante a pandemia.<\/div>\n<div dir=\"auto\">\u00a0<\/div>\n<div dir=\"auto\">Marco Antonio buscou atendimento no Sindicato, assim que soube de sua demiss\u00e3o. Ap\u00f3s o atendimento, o Departamento Jur\u00eddico do Sindicato dos Banc\u00e1rios da Baixada Fluminense entrou em a\u00e7\u00e3o e, neste in\u00edcio de ano, j\u00e1 colheu os frutos de um trabalho s\u00e9rio e competente: conseguiu a reintegra\u00e7\u00e3o imediata do trabalhador.\u00a0<\/div>\n<\/div>\n<div dir=\"auto\">\u00a0<\/div>\n<div><strong>IMPORTANTE<\/strong><\/div>\n<div>\n<div dir=\"auto\">\u00a0<\/div>\n<\/div>\n<div>\n<div dir=\"auto\">Em caso de demiss\u00e3o, a orienta\u00e7\u00e3o \u00e9 para que o banc\u00e1rio ou banc\u00e1ria entre em contato imediatamente com o Sindicato.<\/div>\n<div dir=\"auto\">\u00a0<\/div>\n<\/div>\n<div>\n<div dir=\"auto\">SINDICALIZE-SE<\/div>\n<\/div>\n","protected":false},"excerpt":{"rendered":"<p>Ainda estamos nos primeiros dias do ano de 2021, mas o trabalho do Sindicato dos Banc\u00e1rios da Baixada Fluminense n\u00e3o para. Hoje, dia 13 de janeiro, mais um banc\u00e1rio do Banco Bradesco foi reintegrado pelo Sindicato, atrav\u00e9s de seus Departamentos Jur\u00eddico e de Sa\u00fade. \u00a0 O banc\u00e1rio\u00a0Marco Antonio Rogerio, do Banco Bradesco, teve sua demiss\u00e3o [&hellip;]<\/p>\n","protected":false},"author":2,"featured_media":10244,"comment_status":"","ping_status":"","sticky":false,"template":"","format":"standard","meta":{"footnotes":""},"categories":[3],"tags":[],"class_list":["post-10245","post","type-post","status-publish","format-standard","has-post-thumbnail","hentry","category-noticias"],"_links":{"self":[{"href":"https:\/\/hostnetart.com.br\/baixada\/wp-json\/wp\/v2\/posts\/10245","targetHints":{"allow":["GET"]}}],"collection":[{"href":"https:\/\/hostnetart.com.br\/baixada\/wp-json\/wp\/v2\/posts"}],"about":[{"href":"https:\/\/hostnetart.com.br\/baixada\/wp-json\/wp\/v2\/types\/post"}],"author":[{"embeddable":true,"href":"https:\/\/hostnetart.com.br\/baixada\/wp-json\/wp\/v2\/users\/2"}],"replies":[{"embeddable":true,"href":"https:\/\/hostnetart.com.br\/baixada\/wp-json\/wp\/v2\/comments?post=10245"}],"version-history":[{"count":0,"href":"https:\/\/hostnetart.com.br\/baixada\/wp-json\/wp\/v2\/posts\/10245\/revisions"}],"wp:featuredmedia":[{"embeddable":true,"href":"https:\/\/hostnetart.com.br\/baixada\/wp-json\/wp\/v2\/media\/10244"}],"wp:attachment":[{"href":"https:\/\/hostnetart.com.br\/baixada\/wp-json\/wp\/v2\/media?parent=10245"}],"wp:term":[{"taxonomy":"category","embeddable":true,"href":"https:\/\/hostnetart.com.br\/baixada\/wp-json\/wp\/v2\/categories?post=10245"},{"taxonomy":"post_tag","embeddable":true,"href":"https:\/\/hostnetart.com.br\/baixada\/wp-json\/wp\/v2\/tags?post=10245"}],"curies":[{"name":"wp","href":"https:\/\/api.w.org\/{rel}","templated":true}]}}