{"id":1024,"date":"2014-04-14T00:00:00","date_gmt":"2014-04-14T03:00:00","guid":{"rendered":"https:\/\/hostnetart.com.br\/baixada\/ii-censo-da-diversidade-entra-na-reta-final-participe-tambem-ate-dia-25\/"},"modified":"2014-04-14T00:00:00","modified_gmt":"2014-04-14T03:00:00","slug":"ii-censo-da-diversidade-entra-na-reta-final-participe-tambem-ate-dia-25","status":"publish","type":"post","link":"https:\/\/hostnetart.com.br\/baixada\/ii-censo-da-diversidade-entra-na-reta-final-participe-tambem-ate-dia-25\/","title":{"rendered":"II Censo da Diversidade entra na reta final. Participe tamb\u00e9m at\u00e9 dia 25"},"content":{"rendered":"<p>O II Censo da Diversidade, iniciado no dia 17 mar\u00e7o, est\u00e1 entrando na reta final. Quem ainda n\u00e3o respondeu o question\u00e1rio tem prazo at\u00e9 o pr\u00f3ximo dia 25 para participar, bastando acessar o hotsite\u00a0<strong>www.febraban-diversidade.com.br<\/strong>\u00a0N\u00e3o leva mais do que 10 minutos.<br \/>&gt; Clique\u00a0<a href=\"http:\/\/www.febraban-diversidade.org.br\/\" target=\"_blank\" rel=\"noopener noreferrer\">aqui<\/a>\u00a0para acessar o hotsite.<br \/>O sistema conta com um programa de seguran\u00e7a e as respostas ser\u00e3o sigilosas e confidenciais. Todos os banc\u00e1rios, inclusive os licenciados por motivos de sa\u00fade, maternidade e mandato sindical, que est\u00e3o na base de cadastro da RAIS, podem participar da pesquisa. Est\u00e3o aptos a participar cerca de 486 mil banc\u00e1rios e banc\u00e1rias, que representam 98% do categoria.<br \/>Os sete bancos p\u00fablicos habilitados s\u00e3o: Banco do Brasil, Caixa Econ\u00f4mica Federal, Banco da Amaz\u00f4nia, Banestes, Banrisul, BNB e BRB. J\u00e1 os 11 bancos privados s\u00e3o: Bradesco, Citibank, Fibra, HSBC, BIC Banco, Ita\u00fa, Mercantil, Santander, Safra, Votorantim e Top\u00e1zio.<br \/>A secret\u00e1ria de Pol\u00edticas Sociais da Contraf-CUT, Andrea Vasconcelos, ressalta a import\u00e2ncia da participa\u00e7\u00e3o da categoria. \u201cCom o II Censo ser\u00e1 poss\u00edvel comparar se as distor\u00e7\u00f5es detectadas na primeira pesquisa, realizada em 2008, foram corrigidas ou n\u00e3o, bem como averiguar se os bancos est\u00e3o efetivamente assegurando condi\u00e7\u00f5es igualit\u00e1rias na contrata\u00e7\u00e3o, na remunera\u00e7\u00e3o e na ascens\u00e3o profissional de todos os trabalhadores, independente de sexo, g\u00eanero, ra\u00e7a\/cor, etnia, se LGBT ou pessoas com defici\u00eancia. Por isso, a participa\u00e7\u00e3o de todos os banc\u00e1rios \u00e9 fundamental\u201d, destaca.<br \/>A exig\u00eancia de CPF, data de nascimento ou matr\u00edcula completa permite a entrada segura no sistema, a certifica\u00e7\u00e3o de que o acesso \u00e9 feito somente por banc\u00e1rios. O sistema est\u00e1 criptografado, o que significa que n\u00e3o h\u00e1 como rastrear individualmente os CPFs ou matr\u00edculas, logo n\u00e3o h\u00e1 risco de vazamento de informa\u00e7\u00f5es.<\/p>\n<p>\u00a0<\/p>\n<p>\u00a0<\/p>\n<p><strong>N\u00e3o deixe para a \u00faltima hora<\/strong><\/p>\n<p>\u00a0<\/p>\n<p>A reuni\u00e3o do grupo de acompanhamento do II Censo, integrado por representantes da Contraf-CUT e da Fenaban, realizada no dia 28 de mar\u00e7o em S\u00e3o Paulo, mostrou que nos dez primeiros dias apenas 6,73% dos banc\u00e1rios haviam participado, considerando os munic\u00edpios com mais de 400 trabalhadores na base. Isto \u00e9 muito pouco.<\/p>\n<p>\u00a0<\/p>\n<p>Uma nova reuni\u00e3o de avalia\u00e7\u00e3o est\u00e1 prevista para ocorrer nesta ter\u00e7a-feira (15). \u201c\u00c9 preciso ampliar, e muito, a ades\u00e3o nos pr\u00f3ximos dias. O resultado do II Censo ser\u00e1 um valioso instrumento de compara\u00e7\u00e3o para identificar avan\u00e7os ou retrocessos no retrato da categoria na perspectiva da igualdade de oportunidades\u201d, destaca Andrea.<\/p>\n<p>\u00a0<\/p>\n<p>Fonte: Contraf-CUT<\/p>\n","protected":false},"excerpt":{"rendered":"<p>O II Censo da Diversidade, iniciado no dia 17 mar\u00e7o, est\u00e1 entrando na reta final. Quem ainda n\u00e3o respondeu o question\u00e1rio tem prazo at\u00e9 o pr\u00f3ximo dia 25 para participar, bastando acessar o hotsite\u00a0www.febraban-diversidade.com.br\u00a0N\u00e3o leva mais do que 10 minutos.&gt; Clique\u00a0aqui\u00a0para acessar o hotsite.O sistema conta com um programa de seguran\u00e7a e as respostas ser\u00e3o [&hellip;]<\/p>\n","protected":false},"author":1,"featured_media":1023,"comment_status":"","ping_status":"","sticky":false,"template":"","format":"standard","meta":{"footnotes":""},"categories":[3],"tags":[],"class_list":["post-1024","post","type-post","status-publish","format-standard","has-post-thumbnail","hentry","category-noticias"],"_links":{"self":[{"href":"https:\/\/hostnetart.com.br\/baixada\/wp-json\/wp\/v2\/posts\/1024","targetHints":{"allow":["GET"]}}],"collection":[{"href":"https:\/\/hostnetart.com.br\/baixada\/wp-json\/wp\/v2\/posts"}],"about":[{"href":"https:\/\/hostnetart.com.br\/baixada\/wp-json\/wp\/v2\/types\/post"}],"author":[{"embeddable":true,"href":"https:\/\/hostnetart.com.br\/baixada\/wp-json\/wp\/v2\/users\/1"}],"replies":[{"embeddable":true,"href":"https:\/\/hostnetart.com.br\/baixada\/wp-json\/wp\/v2\/comments?post=1024"}],"version-history":[{"count":0,"href":"https:\/\/hostnetart.com.br\/baixada\/wp-json\/wp\/v2\/posts\/1024\/revisions"}],"wp:featuredmedia":[{"embeddable":true,"href":"https:\/\/hostnetart.com.br\/baixada\/wp-json\/wp\/v2\/media\/1023"}],"wp:attachment":[{"href":"https:\/\/hostnetart.com.br\/baixada\/wp-json\/wp\/v2\/media?parent=1024"}],"wp:term":[{"taxonomy":"category","embeddable":true,"href":"https:\/\/hostnetart.com.br\/baixada\/wp-json\/wp\/v2\/categories?post=1024"},{"taxonomy":"post_tag","embeddable":true,"href":"https:\/\/hostnetart.com.br\/baixada\/wp-json\/wp\/v2\/tags?post=1024"}],"curies":[{"name":"wp","href":"https:\/\/api.w.org\/{rel}","templated":true}]}}