{"id":10239,"date":"2021-01-12T15:17:02","date_gmt":"2021-01-12T18:17:02","guid":{"rendered":"https:\/\/hostnetart.com.br\/baixada\/caixa-economica-federal-completa-160-anos\/"},"modified":"2021-01-12T15:17:02","modified_gmt":"2021-01-12T18:17:02","slug":"caixa-economica-federal-completa-160-anos","status":"publish","type":"post","link":"https:\/\/hostnetart.com.br\/baixada\/caixa-economica-federal-completa-160-anos\/","title":{"rendered":"Caixa Econ\u00f4mica Federal completa 160 anos"},"content":{"rendered":"<p>A Caixa Econ\u00f4mica Federal completa 160 anos nesta ter\u00e7a-feira (12), com passado de hist\u00f3rias brilhantes e futuro sob amea\u00e7a. Mesmo diante ao maior desmonte de sua hist\u00f3ria, o anivers\u00e1rio do banco que atua como principal agente das pol\u00edticas p\u00fablicas do Estado \u00e9 motivo de orgulho para os seus empregados e para o povo brasileiro.<\/p>\n<p>\u201cS\u00e3o 160 anos de m\u00e3os dadas com a popula\u00e7\u00e3o que mais precisa. A Caixa \u00e9 o banco que permite a realiza\u00e7\u00e3o dos sonhos dos brasileiros. Come\u00e7ou com o sonho da liberdade, quando poupou dinheiro dos escravos para a compra da carta de alforria, o sonho da casa pr\u00f3pria, da forma\u00e7\u00e3o no ensino superior, da diminui\u00e7\u00e3o da desigualdade no pa\u00eds\u201d, disse a coordenadora da Comiss\u00e3o Executiva dos Empregados da Caixa (CEE\/Caixa) e secret\u00e1ria de Cultura da Confedera\u00e7\u00e3o Nacional dos Trabalhadores do Ramo Financeiro (Contraf\/CUT), Fabiana Uehara Proscholdt. \u201cPrecisamos enaltecer essas conquistas e mostrar para a popula\u00e7\u00e3o que tudo isso pode acabar se as tentativas de privatiza\u00e7\u00e3o do governo e da dire\u00e7\u00e3o do banco se concretizarem. Nossa luta \u00e9 constante pela defesa da Caixa 100% p\u00fablica, pela valoriza\u00e7\u00e3o dos empregados e por melhores condi\u00e7\u00f5es de trabalho\u201d, completou.<\/p>\n<p>A data, al\u00e9m de comemora\u00e7\u00e3o, tem de ser de resist\u00eancia contra as tentativas governamentais de privatizar partes rent\u00e1veis da institui\u00e7\u00e3o, atrav\u00e9s da venda de suas subsidi\u00e1rias. Essas \u00e1reas, a exemplo das loterias, seguros e cart\u00f5es de cr\u00e9dito, sustentam os programas sociais operados pelo banco. Foi a for\u00e7a da mobiliza\u00e7\u00e3o e da uni\u00e3o das entidades sindicais e associativas que manteve a Caixa 100% p\u00fablica at\u00e9 agora.<\/p>\n<p>Para o presidente da Federa\u00e7\u00e3o Nacional das Associa\u00e7\u00f5es do Pessoal da Caixa Econ\u00f4mica Federal (Fenae), Sergio Takemoto, no pacote de a\u00e7\u00f5es para privatizar a Caixa, o governo e a dire\u00e7\u00e3o do banco inclu\u00edram tamb\u00e9m o desrespeito aos empregados. \u201cMetas desumanas, reestrutura\u00e7\u00f5es sem planejamento, jornadas exaustivas e extrapoladas, atendimentos precarizados por falta de condi\u00e7\u00f5es de trabalho e tamb\u00e9m pela falta de mais de 20 mil empregados, PDV [Programas de Desligamento Volunt\u00e1rio] \u2013 tudo isso faz parte da estrat\u00e9gia de passar uma imagem de inefici\u00eancia para a sociedade e tentar justificar a privatiza\u00e7\u00e3o\u201d, alerta. \u201cMas a realidade mostra o contr\u00e1rio. O que seria da popula\u00e7\u00e3o mais carente se n\u00e3o fosse a Caixa e seus empregados durante o pagamento do Aux\u00edlio Emergencial? Gra\u00e7as aos empregados, que t\u00eam resistido a tudo isso para cumprir a fun\u00e7\u00e3o social do banco, 68 milh\u00f5es de brasileiros tiveram condi\u00e7\u00e3o de sobreviver nesta pandemia\u201d, avalia.<\/p>\n<h3>Campanha<\/h3>\n<p>O desrespeito aos trabalhadores provocou as entidades em defesa dos banc\u00e1rios a realizarem uma campanha de valoriza\u00e7\u00e3o dos empregados da Caixa. A Fenae, as Apcefs, a Contraf-CUT e demais entidades sindicais e associativas se uniram para mostrar ao pa\u00eds a import\u00e2ncia do trabalho destes banc\u00e1rios para socorrer metade da popula\u00e7\u00e3o brasileira durante a pandemia do coronav\u00edrus. A campanha come\u00e7ou no dia 28 de dezembro e vai at\u00e9 o anivers\u00e1rio da Caixa, nesta ter\u00e7a-feira (12).<\/p>\n<p>Uma das atividades que marcam a campanha s\u00e3o proje\u00e7\u00f5es em v\u00e1rias cidades do pa\u00eds em defesa da Caixa. S\u00e3o Paulo, Rio de Janeiro, Recife, Belo Horizonte, Bras\u00edlia, Bel\u00e9m, Fortaleza e Manaus s\u00e3o as capitais que receberam nesta segunda-feira (11), \u00e0s 19h, proje\u00e7\u00f5es com mensagens da campanha em defesa da Caixa 100% p\u00fablica. A a\u00e7\u00e3o \u00e9 realizada pela Federa\u00e7\u00e3o Nacional das Associa\u00e7\u00f5es do Pessoal da Caixa Econ\u00f4mica Federal (Fenae) e pela Confedera\u00e7\u00e3o Nacional dos Trabalhadores do Ramo Financeiro (Contraf-CUT). O objetivo foi denunciar os ataques que a empresa vem sofrendo, com amea\u00e7a de privatiza\u00e7\u00e3o de \u00e1reas rent\u00e1veis como seguros, loterias e mais recentemente o banco digital.<\/p>\n<h3>Live<\/h3>\n<p>Para marcar os 160 anos da Caixa Econ\u00f4mica Federal, a Fenae e a Contraf-CUT realizam um debate, \u00e0s 19h, com transmiss\u00e3o ao vivo pelo\u00a0<a href=\"https:\/\/www.facebook.com\/contrafcut\" target=\"_blank\" rel=\"noopener noreferrer\">Facebook da Confedera\u00e7\u00e3o<\/a>. Em pauta estar\u00e3o temas como import\u00e2ncia dos empregados durante a pandemia, as amea\u00e7as de privatiza\u00e7\u00e3o e os desafios das entidades para os pr\u00f3ximos anos.<\/p>\n<p>Participam do bate-papo virtual Fabiana Proscholdt, Sergio Takemoto; Rita Lima, diretora de Rela\u00e7\u00f5es do Trabalho da Fenae e da Intersindical; Emanoel Souza, conselheiro fiscal da Fenae e secret\u00e1rio-geral da Federa\u00e7\u00e3o dos Banc\u00e1rios da Bahia e Sergipe (Feeb) e da coordena\u00e7\u00e3o da CTB Banc\u00e1rios.<\/p>\n<p>Tamb\u00e9m est\u00e1 programado para esta ter\u00e7a tuita\u00e7o das 11h \u00e0s 13h. A Fenae, Apcefs, Contraf\/CUT e demais entidades representativas chamam a aten\u00e7\u00e3o dos brasileiros sobre as amea\u00e7as que sofre o banco p\u00fablico e os impactos que a privatiza\u00e7\u00e3o pode trazer aos setores mais importantes do pa\u00eds. Participe tamb\u00e9m com as hashtags #Caixa160anos\u00a0 #PrivatizaN\u00e3o #MexeucomaCaixaMexeucomoBrasil<\/p>\n<h3>Mobiliza\u00e7\u00f5es<\/h3>\n<p>Uma s\u00e9rie de atividades acontece tamb\u00e9m nesta ter\u00e7a para marcar o anivers\u00e1rio do banco e reivindicar melhores condi\u00e7\u00f5es de trabalho e valoriza\u00e7\u00e3o dos empregados. Veja onde haver\u00e1 manifesta\u00e7\u00f5es:<\/p>\n<ul>\n<li>Bras\u00edlia: atividades em frente ao edif\u00edcio-sede da Matriz I da Caixa, a partir das 11h.<\/li>\n<li>Teresina (PI): manifesta\u00e7\u00e3o na frente da ag\u00eancia da Caixa na Rua Areolino de Abreu, a partir das 8h30.<\/li>\n<li>Itabuna (BA): ato \u00e0s 10h, na ag\u00eancia Grapi\u00fana, contra a privatiza\u00e7\u00e3o do Banco, em defesa da Caixa 100% p\u00fablica e por mais contrata\u00e7\u00f5es e melhores condi\u00e7\u00f5es de trabalho.<\/li>\n<li>Belo Horizonte MG): transmiss\u00e3o de live no Facebook (facebook.com\/bancariosbh) em comemora\u00e7\u00e3o aos 160 anos da Caixa, \u00e0s 10h30 desta ter\u00e7a-feira, 12 de janeiro.<\/li>\n<li>S\u00e3o Paulo (SP): manifesta\u00e7\u00f5es pela manh\u00e3, \u00e0s 10h, em frente ao pr\u00e9dio do Br\u00e1s. \u00c0s 14h, em frente ao pr\u00e9dio da Caixa da Avenida Paulista.<\/li>\n<\/ul>\n<p><strong>Fonte: Contraf-CUT<\/strong><\/p>\n","protected":false},"excerpt":{"rendered":"<p>A Caixa Econ\u00f4mica Federal completa 160 anos nesta ter\u00e7a-feira (12), com passado de hist\u00f3rias brilhantes e futuro sob amea\u00e7a. Mesmo diante ao maior desmonte de sua hist\u00f3ria, o anivers\u00e1rio do banco que atua como principal agente das pol\u00edticas p\u00fablicas do Estado \u00e9 motivo de orgulho para os seus empregados e para o povo brasileiro. \u201cS\u00e3o [&hellip;]<\/p>\n","protected":false},"author":2,"featured_media":10238,"comment_status":"","ping_status":"","sticky":false,"template":"","format":"standard","meta":{"footnotes":""},"categories":[3],"tags":[],"class_list":["post-10239","post","type-post","status-publish","format-standard","has-post-thumbnail","hentry","category-noticias"],"_links":{"self":[{"href":"https:\/\/hostnetart.com.br\/baixada\/wp-json\/wp\/v2\/posts\/10239","targetHints":{"allow":["GET"]}}],"collection":[{"href":"https:\/\/hostnetart.com.br\/baixada\/wp-json\/wp\/v2\/posts"}],"about":[{"href":"https:\/\/hostnetart.com.br\/baixada\/wp-json\/wp\/v2\/types\/post"}],"author":[{"embeddable":true,"href":"https:\/\/hostnetart.com.br\/baixada\/wp-json\/wp\/v2\/users\/2"}],"replies":[{"embeddable":true,"href":"https:\/\/hostnetart.com.br\/baixada\/wp-json\/wp\/v2\/comments?post=10239"}],"version-history":[{"count":0,"href":"https:\/\/hostnetart.com.br\/baixada\/wp-json\/wp\/v2\/posts\/10239\/revisions"}],"wp:featuredmedia":[{"embeddable":true,"href":"https:\/\/hostnetart.com.br\/baixada\/wp-json\/wp\/v2\/media\/10238"}],"wp:attachment":[{"href":"https:\/\/hostnetart.com.br\/baixada\/wp-json\/wp\/v2\/media?parent=10239"}],"wp:term":[{"taxonomy":"category","embeddable":true,"href":"https:\/\/hostnetart.com.br\/baixada\/wp-json\/wp\/v2\/categories?post=10239"},{"taxonomy":"post_tag","embeddable":true,"href":"https:\/\/hostnetart.com.br\/baixada\/wp-json\/wp\/v2\/tags?post=10239"}],"curies":[{"name":"wp","href":"https:\/\/api.w.org\/{rel}","templated":true}]}}