{"id":10235,"date":"2021-01-12T15:15:33","date_gmt":"2021-01-12T18:15:33","guid":{"rendered":"https:\/\/hostnetart.com.br\/baixada\/saude-caixa-para-todos-a-partir-de-janeiro-tera-mudancas-no-plano-de-assistencia-a-saude\/"},"modified":"2021-01-12T15:15:33","modified_gmt":"2021-01-12T18:15:33","slug":"saude-caixa-para-todos-a-partir-de-janeiro-tera-mudancas-no-plano-de-assistencia-a-saude","status":"publish","type":"post","link":"https:\/\/hostnetart.com.br\/baixada\/saude-caixa-para-todos-a-partir-de-janeiro-tera-mudancas-no-plano-de-assistencia-a-saude\/","title":{"rendered":"Sa\u00fade Caixa para Todos! A partir de janeiro ter\u00e1 mudan\u00e7as no plano de assist\u00eancia \u00e0 sa\u00fade"},"content":{"rendered":"<p>As negocia\u00e7\u00f5es que garantiram a ades\u00e3o dos mais de tr\u00eas mil empregados admitidos ap\u00f3s 31 de agosto de 2018, a maior parte deles Pessoas com Defici\u00eancia (PcD), ao Sa\u00fade Caixa, na Campanha Nacional 2020 tamb\u00e9m definiu reajustes, mas manteve a rela\u00e7\u00e3o de custeio em 70\/30 do plano de sa\u00fade.<\/p>\n<p>O acordo foi constru\u00eddo num cen\u00e1rio de dura negocia\u00e7\u00e3o entre a Comiss\u00e3o Executiva dos Empregados da Caixa (CEE\/Caixa) com a dire\u00e7\u00e3o do banco. Foi apenas na nona proposta apresentada pelo banco que as partes chegaram a um acordo.<\/p>\n<p>Fabiana Uehara Proscholdt, coordenadora da CEE\/Caixa e secret\u00e1ria da Cultura da Confedera\u00e7\u00e3o Nacional dos Trabalhadores do Ramo Financeiro (Contraf-CUT), lembra que o foco da Comiss\u00e3o foi de garantir as premissas atuais de manuten\u00e7\u00e3o do modelo 70\/30, do pacto intergeracional, do mutualismo e da solidariedade do plano al\u00e9m de manter o plano acess\u00edvel para todos. \u201cO plano de sa\u00fade \u00e9 essencial para o empregado, ainda mais neste momento que estamos, de pandemia.\u201d, afirmou.<\/p>\n<p>O acordo prev\u00ea uma contribui\u00e7\u00e3o do titular de 3,5% do sal\u00e1rio e 0,4% por dependente, com teto de 4,3%. A coparticipa\u00e7\u00e3o passa a ser 30% de cada dependente e o teto por grupo familiar de R$ 3.600. Al\u00e9m disso, n\u00e3o h\u00e1 mais a coparticipa\u00e7\u00e3o para interna\u00e7\u00e3o e tratamento oncol\u00f3gico e o atendimento em pronto socorro, coparticipa\u00e7\u00e3o de R$ 75.<\/p>\n<p>\u201cA manuten\u00e7\u00e3o do teto para o grupo familiar e tamb\u00e9m de teto de mensalidade foram importantes avan\u00e7os. A Caixa queria individualizar seguindo a orienta\u00e7\u00e3o da CGPAR 23. Os ajustes realizados neste momento foram para a manuten\u00e7\u00e3o do modelo 70\/30 mas temos ainda muito debate pela frente\u201d, avaliou a coordenadora da CEE\/ Caixa.<\/p>\n<h3>Grupo de Trabalho Sa\u00fade CAIXA<\/h3>\n<p>Outra conquista da Campanha Nacional foi a garantia no ACT 2020-2022 do Grupo de Trabalho (GT) Sa\u00fade Caixa. Este GT tem como principal finalidade apresentar propostas de formato de custeio e de gest\u00e3o que entrar\u00e1 em vigor a partir de 2 de janeiro de 2022. \u201cO objetivo \u00e9 em consenso com a Caixa construir alternativas pra garantir a sustentabilidade do Sa\u00fade Caixa a m\u00e9dio e no longo prazo, mas sendo vi\u00e1vel para todos os colegas, desde aqueles que ganham menos at\u00e9 os aposentados\u201d, explicou Fabiana.<\/p>\n<h3>Consulta<\/h3>\n<p>As regras do novo formato de custeio do Sa\u00fade Caixa podem ser consultadas por meio dos MN RH 221, RH222 e RH223. Em caso de d\u00favidas, os usu\u00e1rios do plano podem entrar em contato com a Central de Atendimento do Sa\u00fade Caixa pelo telefone 0800 0956094 ou pelo endere\u00e7o www.centralsaudecaixa.com.br\/fale-conosco\/ ou <a href=\"http:\/\/www.centralsaudecaixa.com.br\/adesao\">www.centralsaudecaixa.com.br\/adesao<\/a>.<\/p>\n<p><strong>Fonte: Contraf-CUT<\/strong><\/p>\n","protected":false},"excerpt":{"rendered":"<p>As negocia\u00e7\u00f5es que garantiram a ades\u00e3o dos mais de tr\u00eas mil empregados admitidos ap\u00f3s 31 de agosto de 2018, a maior parte deles Pessoas com Defici\u00eancia (PcD), ao Sa\u00fade Caixa, na Campanha Nacional 2020 tamb\u00e9m definiu reajustes, mas manteve a rela\u00e7\u00e3o de custeio em 70\/30 do plano de sa\u00fade. O acordo foi constru\u00eddo num cen\u00e1rio [&hellip;]<\/p>\n","protected":false},"author":2,"featured_media":10234,"comment_status":"","ping_status":"","sticky":false,"template":"","format":"standard","meta":{"footnotes":""},"categories":[3],"tags":[],"class_list":["post-10235","post","type-post","status-publish","format-standard","has-post-thumbnail","hentry","category-noticias"],"_links":{"self":[{"href":"https:\/\/hostnetart.com.br\/baixada\/wp-json\/wp\/v2\/posts\/10235","targetHints":{"allow":["GET"]}}],"collection":[{"href":"https:\/\/hostnetart.com.br\/baixada\/wp-json\/wp\/v2\/posts"}],"about":[{"href":"https:\/\/hostnetart.com.br\/baixada\/wp-json\/wp\/v2\/types\/post"}],"author":[{"embeddable":true,"href":"https:\/\/hostnetart.com.br\/baixada\/wp-json\/wp\/v2\/users\/2"}],"replies":[{"embeddable":true,"href":"https:\/\/hostnetart.com.br\/baixada\/wp-json\/wp\/v2\/comments?post=10235"}],"version-history":[{"count":0,"href":"https:\/\/hostnetart.com.br\/baixada\/wp-json\/wp\/v2\/posts\/10235\/revisions"}],"wp:featuredmedia":[{"embeddable":true,"href":"https:\/\/hostnetart.com.br\/baixada\/wp-json\/wp\/v2\/media\/10234"}],"wp:attachment":[{"href":"https:\/\/hostnetart.com.br\/baixada\/wp-json\/wp\/v2\/media?parent=10235"}],"wp:term":[{"taxonomy":"category","embeddable":true,"href":"https:\/\/hostnetart.com.br\/baixada\/wp-json\/wp\/v2\/categories?post=10235"},{"taxonomy":"post_tag","embeddable":true,"href":"https:\/\/hostnetart.com.br\/baixada\/wp-json\/wp\/v2\/tags?post=10235"}],"curies":[{"name":"wp","href":"https:\/\/api.w.org\/{rel}","templated":true}]}}