{"id":10231,"date":"2021-01-12T13:52:04","date_gmt":"2021-01-12T16:52:04","guid":{"rendered":"https:\/\/hostnetart.com.br\/baixada\/sindicato-dos-bancarios-da-baixada-fluminense-abre-2021-reintegrando-bancaria-do-santander\/"},"modified":"2021-01-12T13:52:04","modified_gmt":"2021-01-12T16:52:04","slug":"sindicato-dos-bancarios-da-baixada-fluminense-abre-2021-reintegrando-bancaria-do-santander","status":"publish","type":"post","link":"https:\/\/hostnetart.com.br\/baixada\/sindicato-dos-bancarios-da-baixada-fluminense-abre-2021-reintegrando-bancaria-do-santander\/","title":{"rendered":"Sindicato dos Banc\u00e1rios da Baixada Fluminense abre 2021 reintegrando banc\u00e1ria do Santander"},"content":{"rendered":"<div class=\"o9v6fnle cxmmr5t8 oygrvhab hcukyx3x c1et5uql ii04i59q\">\n<div dir=\"auto\">\n<div dir=\"auto\">\n<div dir=\"auto\">O Sindicato dos Banc\u00e1rios da Baixada Fluminense, atrav\u00e9s de seus Departamentos Jur\u00eddico e de Sa\u00fade, come\u00e7ou o ano de 2021 reintegrando mais uma banc\u00e1ria do Banco Santander.<\/div>\n<div dir=\"auto\">\u00a0\u00a0<\/div>\n<div dir=\"auto\">A banc\u00e1ria Helida Carla dos Reis Silva teve sua reintegra\u00e7\u00e3o garantida por decis\u00e3o da 7a Vara do Trabalho de Duque de Caxias, corrigindo mais uma injusti\u00e7a praticada pelos grande bancos brasileiros.<\/div>\n<div dir=\"auto\">\u00a0<\/div>\n<div dir=\"auto\">Mais uma vit\u00f3ria do Departamento Jur\u00eddico do Sindicato dos Banc\u00e1rios da Baixada Fluminense, que garantiu mais uma reintegra\u00e7\u00e3o de banc\u00e1rios demitidos durante a pandemia do novo coronav\u00edrus.<\/div>\n<\/div>\n<div dir=\"auto\">\u00a0<\/div>\n<div dir=\"auto\"><strong>ENTENDA O CASO<\/strong><\/div>\n<div dir=\"auto\">\u00a0<\/div>\n<div dir=\"auto\">Helida Carla j\u00e1 havia sido reintegrada anteriormente. Mas o banco, descumprindo decis\u00e3o judicial, a demitiu novamente. A banc\u00e1ria procurou atendimento no Sindicato, foi prontamente atendida e come\u00e7ar\u00e1 2021 tendo seus direitos restitu\u00eddos.\u00a0<\/div>\n<\/div>\n<\/div>\n<div class=\"o9v6fnle cxmmr5t8 oygrvhab hcukyx3x c1et5uql ii04i59q\">\u00a0<\/div>\n<div class=\"o9v6fnle cxmmr5t8 oygrvhab hcukyx3x c1et5uql ii04i59q\"><strong>IMPORTANTE<\/strong><\/div>\n<div class=\"o9v6fnle cxmmr5t8 oygrvhab hcukyx3x c1et5uql ii04i59q\">\n<div dir=\"auto\">\u00a0<\/div>\n<\/div>\n<div class=\"o9v6fnle cxmmr5t8 oygrvhab hcukyx3x c1et5uql ii04i59q\">\n<div dir=\"auto\">Em caso de demiss\u00e3o, a orienta\u00e7\u00e3o \u00e9 para que o banc\u00e1rio ou banc\u00e1ria entre em contato imediatamente com o Sindicato.<\/div>\n<div dir=\"auto\">\u00a0<\/div>\n<\/div>\n<div class=\"o9v6fnle cxmmr5t8 oygrvhab hcukyx3x c1et5uql ii04i59q\">\n<div dir=\"auto\">SINDICALIZE-SE<\/div>\n<\/div>\n","protected":false},"excerpt":{"rendered":"<p>O Sindicato dos Banc\u00e1rios da Baixada Fluminense, atrav\u00e9s de seus Departamentos Jur\u00eddico e de Sa\u00fade, come\u00e7ou o ano de 2021 reintegrando mais uma banc\u00e1ria do Banco Santander. \u00a0\u00a0 A banc\u00e1ria Helida Carla dos Reis Silva teve sua reintegra\u00e7\u00e3o garantida por decis\u00e3o da 7a Vara do Trabalho de Duque de Caxias, corrigindo mais uma injusti\u00e7a praticada [&hellip;]<\/p>\n","protected":false},"author":2,"featured_media":10230,"comment_status":"","ping_status":"","sticky":false,"template":"","format":"standard","meta":{"footnotes":""},"categories":[3],"tags":[],"class_list":["post-10231","post","type-post","status-publish","format-standard","has-post-thumbnail","hentry","category-noticias"],"_links":{"self":[{"href":"https:\/\/hostnetart.com.br\/baixada\/wp-json\/wp\/v2\/posts\/10231","targetHints":{"allow":["GET"]}}],"collection":[{"href":"https:\/\/hostnetart.com.br\/baixada\/wp-json\/wp\/v2\/posts"}],"about":[{"href":"https:\/\/hostnetart.com.br\/baixada\/wp-json\/wp\/v2\/types\/post"}],"author":[{"embeddable":true,"href":"https:\/\/hostnetart.com.br\/baixada\/wp-json\/wp\/v2\/users\/2"}],"replies":[{"embeddable":true,"href":"https:\/\/hostnetart.com.br\/baixada\/wp-json\/wp\/v2\/comments?post=10231"}],"version-history":[{"count":0,"href":"https:\/\/hostnetart.com.br\/baixada\/wp-json\/wp\/v2\/posts\/10231\/revisions"}],"wp:featuredmedia":[{"embeddable":true,"href":"https:\/\/hostnetart.com.br\/baixada\/wp-json\/wp\/v2\/media\/10230"}],"wp:attachment":[{"href":"https:\/\/hostnetart.com.br\/baixada\/wp-json\/wp\/v2\/media?parent=10231"}],"wp:term":[{"taxonomy":"category","embeddable":true,"href":"https:\/\/hostnetart.com.br\/baixada\/wp-json\/wp\/v2\/categories?post=10231"},{"taxonomy":"post_tag","embeddable":true,"href":"https:\/\/hostnetart.com.br\/baixada\/wp-json\/wp\/v2\/tags?post=10231"}],"curies":[{"name":"wp","href":"https:\/\/api.w.org\/{rel}","templated":true}]}}