{"id":10229,"date":"2021-01-11T16:29:57","date_gmt":"2021-01-11T19:29:57","guid":{"rendered":"https:\/\/hostnetart.com.br\/baixada\/com-subocupacao-em-alta-brasil-deixa-um-terco-da-forca-de-trabalho-sem-emprego\/"},"modified":"2021-01-11T16:29:57","modified_gmt":"2021-01-11T19:29:57","slug":"com-subocupacao-em-alta-brasil-deixa-um-terco-da-forca-de-trabalho-sem-emprego","status":"publish","type":"post","link":"https:\/\/hostnetart.com.br\/baixada\/com-subocupacao-em-alta-brasil-deixa-um-terco-da-forca-de-trabalho-sem-emprego\/","title":{"rendered":"Com subocupa\u00e7\u00e3o em alta, Brasil deixa um ter\u00e7o da for\u00e7a de trabalho sem emprego"},"content":{"rendered":"<p>O Brasil possui 32 milh\u00f5es de trabalhadores em situa\u00e7\u00e3o de subocupa\u00e7\u00e3o e o governo Bolsonaro \u201cretirou a oportunidade do brasileiro de trabalhar\u201d, afirma o economista C\u00e9sar Locatelli, em entrevista \u00e0\u00a0<strong>R\u00e1dio Brasil Atual<\/strong>. Na avalia\u00e7\u00e3o dele, o pa\u00eds deixou sem emprego\u00a0<a href=\"https:\/\/www.redebrasilatual.com.br\/economia\/2021\/01\/seguro-desemprego-2020-cresce-68-milhoes\/\" target=\"_blank\" rel=\"noopener noreferrer\">um ter\u00e7o<\/a>\u00a0da for\u00e7a de trabalho, agravando a subocupa\u00e7\u00e3o.<\/p>\n<p>Os c\u00e1lculos do economista mostram que, al\u00e9m dos 14 milh\u00f5es de pessoas desempregadas, o Brasil ainda possui 5,8 milh\u00f5es que deixaram a for\u00e7a de trabalho, 6,2 milh\u00f5es que est\u00e3o em busca de emprego e outras 6,5 milh\u00f5es subocupadas. \u201cMesmo assim, ainda sobram 26 milh\u00f5es de pessoas sem emprego e, portanto, sem renda. N\u00famero bem superior aos 14 milh\u00f5es que circula na m\u00eddia\u201d, afirma, em\u00a0<a href=\"https:\/\/www.brasil247.com\/economia\/brasil-tem-32-5-milhoes-de-trabalhadores-subocupados\" target=\"_blank\" rel=\"noopener noreferrer\">artigo<\/a>.<\/p>\n<p>Diante desse cen\u00e1rio, Locatelli sustenta que o governo Bolsonaro\u00a0<a href=\"https:\/\/www.redebrasilatual.com.br\/politica\/2020\/12\/fim-do-auxilio-emergencial-milhoes-sem-renda-pandemia-desemprego\/\" target=\"_blank\" rel=\"noopener noreferrer\">n\u00e3o tem margem para encerrar o aux\u00edlio emergencial<\/a>, j\u00e1 que h\u00e1 pessoas necessitando do dinheiro e a pandemia ainda est\u00e1 em alta, agravando a subocupa\u00e7\u00e3o e a reserva de m\u00e3o de obra na for\u00e7a de trabalho. Nesta semana, a Caixa Econ\u00f4mica paga a \u00faltima parcela do programa.<\/p>\n<p>\u201cO Brasil tem uma reserva financeira, feita nos governos Lula e Dilma, em torno de U$ 350 bilh\u00f5es que d\u00e1 a possibilidade de fazer a economia girar. O pa\u00eds n\u00e3o est\u00e1 quebrado. Al\u00e9m disso, o aux\u00edlio emergencial \u00e9 em real, ou seja, tem o controle da moeda para pagar as pessoas\u201d, disse.<\/p>\n<p>O\u00a0<a href=\"https:\/\/www.redebrasilatual.com.br\/politica\/2020\/12\/auxilio-emergencial-25-milhoes-datafolha\/\" target=\"_blank\" rel=\"noopener noreferrer\">Datafolha mostrou, em dezembro<\/a>, que o aux\u00edlio emergencial \u00e9 \u00fanica fonte de renda para 36% das fam\u00edlias que receberam pelo menos uma parcela do benef\u00edcio em 2020. Reduzido de R$ 600 para R$ 300, ele \u00e9 respons\u00e1vel por sustentar 25 milh\u00f5es brasileiros.<\/p>\n<p>Com apenas R$ 300, o principal efeito nos lares brasileiros foi a ado\u00e7\u00e3o de a\u00e7\u00f5es para cortar gastos. Uma coisa que \u00e9 importante falar, segundo o economista, \u00e9 a compara\u00e7\u00e3o errada sobre o pa\u00eds e uma fam\u00edlia. Quando n\u00e3o h\u00e1 renda suficiente em casa para manter algumas coisas, a \u00fanica sa\u00edda que voc\u00ea tem \u00e9 cortar. \u201cO pa\u00eds \u00e9 diferente, porque consegue se endividar. Essa compara\u00e7\u00e3o \u00e9 feita para enganar a popula\u00e7\u00e3o\u201d, finalizou Locatelli.<\/p>\n<p><strong>Fonte: Rede Brasil Atual<\/strong><\/p>\n","protected":false},"excerpt":{"rendered":"<p>O Brasil possui 32 milh\u00f5es de trabalhadores em situa\u00e7\u00e3o de subocupa\u00e7\u00e3o e o governo Bolsonaro \u201cretirou a oportunidade do brasileiro de trabalhar\u201d, afirma o economista C\u00e9sar Locatelli, em entrevista \u00e0\u00a0R\u00e1dio Brasil Atual. Na avalia\u00e7\u00e3o dele, o pa\u00eds deixou sem emprego\u00a0um ter\u00e7o\u00a0da for\u00e7a de trabalho, agravando a subocupa\u00e7\u00e3o. Os c\u00e1lculos do economista mostram que, al\u00e9m dos [&hellip;]<\/p>\n","protected":false},"author":2,"featured_media":10228,"comment_status":"","ping_status":"","sticky":false,"template":"","format":"standard","meta":{"footnotes":""},"categories":[3],"tags":[],"class_list":["post-10229","post","type-post","status-publish","format-standard","has-post-thumbnail","hentry","category-noticias"],"_links":{"self":[{"href":"https:\/\/hostnetart.com.br\/baixada\/wp-json\/wp\/v2\/posts\/10229","targetHints":{"allow":["GET"]}}],"collection":[{"href":"https:\/\/hostnetart.com.br\/baixada\/wp-json\/wp\/v2\/posts"}],"about":[{"href":"https:\/\/hostnetart.com.br\/baixada\/wp-json\/wp\/v2\/types\/post"}],"author":[{"embeddable":true,"href":"https:\/\/hostnetart.com.br\/baixada\/wp-json\/wp\/v2\/users\/2"}],"replies":[{"embeddable":true,"href":"https:\/\/hostnetart.com.br\/baixada\/wp-json\/wp\/v2\/comments?post=10229"}],"version-history":[{"count":0,"href":"https:\/\/hostnetart.com.br\/baixada\/wp-json\/wp\/v2\/posts\/10229\/revisions"}],"wp:featuredmedia":[{"embeddable":true,"href":"https:\/\/hostnetart.com.br\/baixada\/wp-json\/wp\/v2\/media\/10228"}],"wp:attachment":[{"href":"https:\/\/hostnetart.com.br\/baixada\/wp-json\/wp\/v2\/media?parent=10229"}],"wp:term":[{"taxonomy":"category","embeddable":true,"href":"https:\/\/hostnetart.com.br\/baixada\/wp-json\/wp\/v2\/categories?post=10229"},{"taxonomy":"post_tag","embeddable":true,"href":"https:\/\/hostnetart.com.br\/baixada\/wp-json\/wp\/v2\/tags?post=10229"}],"curies":[{"name":"wp","href":"https:\/\/api.w.org\/{rel}","templated":true}]}}