{"id":10223,"date":"2021-01-08T12:27:36","date_gmt":"2021-01-08T15:27:36","guid":{"rendered":"https:\/\/hostnetart.com.br\/baixada\/pandemia-e-mais-grave-agora-do-que-quando-pais-atingiu-100-mil-mortos\/"},"modified":"2021-01-08T12:27:36","modified_gmt":"2021-01-08T15:27:36","slug":"pandemia-e-mais-grave-agora-do-que-quando-pais-atingiu-100-mil-mortos","status":"publish","type":"post","link":"https:\/\/hostnetart.com.br\/baixada\/pandemia-e-mais-grave-agora-do-que-quando-pais-atingiu-100-mil-mortos\/","title":{"rendered":"Pandemia \u00e9 mais grave agora do que quando pa\u00eds atingiu 100 mil mortos"},"content":{"rendered":"<p>Ap\u00f3s o pa\u00eds atingir a triste marca de mais de 200 mil mortos pela pandemia do novo coronav\u00edrus, o Conselho Nacional de Sa\u00fade (CNS) afirma que a situa\u00e7\u00e3o \u00e9 mais grave hoje do que em agosto, quando o pa\u00eds havia perdido\u00a0<a href=\"https:\/\/www.redebrasilatual.com.br\/saude-e-ciencia\/2020\/08\/e-oficial-brasil-passa-dos-100-mil-mortos-pela-covid-19\/\">100 mil vidas<\/a>. A falta de coordena\u00e7\u00e3o por parte do governo federal, o fim do aux\u00edlio emergencial e a perda de cerca de 40 R$ bilh\u00f5es em recursos para o SUS, em 2021, tornam o quadro ainda mais preocupante.<\/p>\n<p>Al\u00e9m disso, o presidente Jair Bolsonaro continua atuando como um \u201csabotador\u201d das estrat\u00e9gias de combate \u00e0 dissemina\u00e7\u00e3o da doen\u00e7a. N\u00e3o incentiva o uso de m\u00e1scaras, promove aglomera\u00e7\u00f5es e continua defendendo o uso de medicamentos sem efic\u00e1cia comprovada.<\/p>\n<p>\u201cOu seja, temos o agravamento da situa\u00e7\u00e3o, o descontrole, e uma falta de a\u00e7\u00e3o do governo ainda maior do que existia no in\u00edcio ou quando se chegou a 100 mil vidas perdidas\u201d, afirmou o presidente do CNS, Fernando Pigatto, em entrevista ao\u00a0<a href=\"https:\/\/www.youtube.com\/watch?v=MADYnOUzIX8\"><strong>Jornal Brasil Atual<\/strong><\/a>, nesta sexta-feira (8).<\/p>\n<p>Para ele, a maior parte das mortes poderia ter sido evitada. Ele citou estimativas do pr\u00f3prio ex-ministro da Sa\u00fade Luiz Henrique Mandetta. No in\u00edcio da pandemia, havia dito que se as medidas adequadas fossem adotadas, as mortes ficariam em torno de 40 mil. Por outro lado, se nada fosse feito, poder\u00edamos passar de 180 mil \u00f3bitos. \u201cPois bem, passamos de\u00a0<a href=\"https:\/\/www.redebrasilatual.com.br\/saude-e-ciencia\/2021\/01\/covid-19-brasil-dia-com-mais-vitimas-supera-200-mil-mortes\/\">200 mil<\/a>\u201c, lamentou Pigatto.<\/p>\n<h2><span style=\"text-decoration: underline;\">Mais recursos<\/span><\/h2>\n<p>Em dezembro, o CNS e as organiza\u00e7\u00f5es que comp\u00f5em a Frente pela Vida entregaram ao Congresso Nacional a\u00a0<a href=\"https:\/\/www.redebrasilatual.com.br\/saude-e-ciencia\/2020\/11\/em-peticao-conselho-nacional-de-saude-reivindica-mais-recursos-para-o-sus-em-2021\/\">peti\u00e7\u00e3o p\u00fablica<\/a>\u00a0\u201cO SUS merece mais em 2021\u201d. O documento reivindica a continuidade do or\u00e7amento emergencial para a sa\u00fade e a revoga\u00e7\u00e3o da Emenda Constitucional 95, tamb\u00e9m chamada de \u2018teto de gastos p\u00fablicos\u2019. Pigatto afirma que, se o teto de gastos voltar a vigorar neste ano, o sistema p\u00fablico de sa\u00fade n\u00e3o ter\u00e1 condi\u00e7\u00f5es de responder ao recrudescimento da pandemia. Al\u00e9m disso, a peti\u00e7\u00e3o tamb\u00e9m pede a extens\u00e3o do aux\u00edlio emergencial.<\/p>\n<h2><span style=\"text-decoration: underline;\">\u00c0s avessas<\/span><\/h2>\n<p>Pigatto tamb\u00e9m condenou os esfor\u00e7os tardios do governo federal na busca pela vacina. Ele disse que o Plano Nacional de Imuniza\u00e7\u00e3o s\u00f3 saiu ap\u00f3s press\u00e3o da sociedade civil, do Congresso Nacional e do Supremo Tribunal Federal (STF). Ainda assim, ele classificou o plano como \u201cimprovisado\u201d. Ele tamb\u00e9m criticou a possibilidade de cl\u00ednicas privadas realizarem a venda de vacinas, antes da sua distribui\u00e7\u00e3o pelo SUS.<\/p>\n<p>Outro exemplo das atitudes do atual governo, que promoveu o sucateamento do SUS, segundo o presidente do CNS, foi o decreto editado em outubro para facilitar a\u00a0<a href=\"https:\/\/www.redebrasilatual.com.br\/saude-e-ciencia\/2020\/10\/conselho-rechaca-decreto-de-bolsonaro-que-facilita-privatizacao-de-unidades-de-saude\/\" target=\"_blank\" rel=\"noopener noreferrer\">privatiza\u00e7\u00e3o das Unidades B\u00e1sicas de Sa\u00fade<\/a>\u00a0(UBS) em todo o pa\u00eds. Um dia depois, a medida foi revogada. Mas Bolsonaro disse que pretende voltar a esse tema.<\/p>\n<p><strong>Fonte: Rede Brasil Atual<\/strong><\/p>\n","protected":false},"excerpt":{"rendered":"<p>Ap\u00f3s o pa\u00eds atingir a triste marca de mais de 200 mil mortos pela pandemia do novo coronav\u00edrus, o Conselho Nacional de Sa\u00fade (CNS) afirma que a situa\u00e7\u00e3o \u00e9 mais grave hoje do que em agosto, quando o pa\u00eds havia perdido\u00a0100 mil vidas. A falta de coordena\u00e7\u00e3o por parte do governo federal, o fim do [&hellip;]<\/p>\n","protected":false},"author":2,"featured_media":10222,"comment_status":"","ping_status":"","sticky":false,"template":"","format":"standard","meta":{"footnotes":""},"categories":[3],"tags":[],"class_list":["post-10223","post","type-post","status-publish","format-standard","has-post-thumbnail","hentry","category-noticias"],"_links":{"self":[{"href":"https:\/\/hostnetart.com.br\/baixada\/wp-json\/wp\/v2\/posts\/10223","targetHints":{"allow":["GET"]}}],"collection":[{"href":"https:\/\/hostnetart.com.br\/baixada\/wp-json\/wp\/v2\/posts"}],"about":[{"href":"https:\/\/hostnetart.com.br\/baixada\/wp-json\/wp\/v2\/types\/post"}],"author":[{"embeddable":true,"href":"https:\/\/hostnetart.com.br\/baixada\/wp-json\/wp\/v2\/users\/2"}],"replies":[{"embeddable":true,"href":"https:\/\/hostnetart.com.br\/baixada\/wp-json\/wp\/v2\/comments?post=10223"}],"version-history":[{"count":0,"href":"https:\/\/hostnetart.com.br\/baixada\/wp-json\/wp\/v2\/posts\/10223\/revisions"}],"wp:featuredmedia":[{"embeddable":true,"href":"https:\/\/hostnetart.com.br\/baixada\/wp-json\/wp\/v2\/media\/10222"}],"wp:attachment":[{"href":"https:\/\/hostnetart.com.br\/baixada\/wp-json\/wp\/v2\/media?parent=10223"}],"wp:term":[{"taxonomy":"category","embeddable":true,"href":"https:\/\/hostnetart.com.br\/baixada\/wp-json\/wp\/v2\/categories?post=10223"},{"taxonomy":"post_tag","embeddable":true,"href":"https:\/\/hostnetart.com.br\/baixada\/wp-json\/wp\/v2\/tags?post=10223"}],"curies":[{"name":"wp","href":"https:\/\/api.w.org\/{rel}","templated":true}]}}