{"id":1022,"date":"2014-04-14T00:00:00","date_gmt":"2014-04-14T03:00:00","guid":{"rendered":"https:\/\/hostnetart.com.br\/baixada\/alem-de-demitir-santander-extingue-cargos-sem-dar-explicacoes\/"},"modified":"2014-04-14T00:00:00","modified_gmt":"2014-04-14T03:00:00","slug":"alem-de-demitir-santander-extingue-cargos-sem-dar-explicacoes","status":"publish","type":"post","link":"https:\/\/hostnetart.com.br\/baixada\/alem-de-demitir-santander-extingue-cargos-sem-dar-explicacoes\/","title":{"rendered":"Al\u00e9m de demitir, Santander extingue cargos sem dar explica\u00e7\u00f5es"},"content":{"rendered":"<p>Ao mesmo tempo em que assiste a um vertiginoso aumento no n\u00famero de contas correntes (2,2 milh\u00f5es novos correntistas apenas em 2013), o Santander continua perpetrando sua pol\u00edtica de cortes de postos de trabalho.<\/p>\n<p>Conforme den\u00fancias recebidas pelo Sindicato dos Banc\u00e1rios de S\u00e3o Paulo, o banco espanhol est\u00e1 acabando com fun\u00e7\u00f5es como GA+ e B1 e B2 (empresas). GA+ virou coordenadora dos caixas e B2 foi para plataforma. Ao menos dois gerentes empresa 1 e empresa 2 foram demitidos na regi\u00e3o central de S\u00e3o Paulo, mesmo tendo atingido 100% das metas e tendo boa avalia\u00e7\u00e3o.<\/p>\n<p>De acordo com o diretor do Sindicato, Marcelo Gon\u00e7alves, den\u00fancias de banc\u00e1rios apontam que com a fus\u00e3o dos cargos de empresa 1 e empresa 2, o Santander est\u00e1 criando uma nova categoria de gerentes, que tem o sugestivo nome de gerente misto. \u201cEsta fus\u00e3o representar\u00e1 mais clientes e servi\u00e7os para um \u00fanico gerente. A atual gest\u00e3o do banco s\u00f3 cria confus\u00e3o, sobrecarrega e gera enorme descontentamento entre os funcion\u00e1rios e impede o bom atendimento ao cliente.\u201d<\/p>\n<p>Para os banc\u00e1rios que n\u00e3o foram demitidos por causa de mais essa reestrutura\u00e7\u00e3o nos quadros do banco, sobra ac\u00famulo de tarefas, press\u00e3o pelo cumprimento de mais metas, muito sofrimento e adoecimento.<\/p>\n<p>\u201cEstou esgotado, n\u00e3o posso ir ao m\u00e9dico, n\u00e3o consigo dormir e choro diariamente. Estou com atestado m\u00e9dico devido \u00e0 resist\u00eancia muito baixa, peguei uma baita infec\u00e7\u00e3o por dormir mal e comer muito pouco e pelo estresse causado por esse banco. E n\u00e3o poderei me afastar do trabalho devido a uma ferramenta punitiva chamada avalia\u00e7\u00e3o de qualidade operacional\u201d, relata um banc\u00e1rio.<\/p>\n<p>A diretora executiva do Sindicato, Rita Berlofa, cobra posicionamento sobre a quest\u00e3o. \u201cO banco extingue cargos de maneira truculenta e injustific\u00e1vel. Isso traz ac\u00famulo de atividades e adoecimentos f\u00edsicos e ps\u00edquicos aos funcion\u00e1rios remanescentes. O Santander deve respeitar os trabalhadores brasileiros, respons\u00e1veis por mais de um quarto dos lucros mundiais da institui\u00e7\u00e3o.\u201d<\/p>\n<p>Em 2013, o banco espanhol reduziu 4.371 empregos, fechou as portas de 94 ag\u00eancias, 128 postos de atendimento (PAs) e desativou 835 caixas eletr\u00f4nicos. Tudo isso no mesmo per\u00edodo em que passou a administrar 29,5 milh\u00f5es de contas correntes, ante 27,3 milh\u00f5es em 2013, e obteve lucro de R$ 5,7 bilh\u00f5es, o que representa 23% do resultado mundial do banco.<\/p>\n<p>Fonte: Contraf-CUT com Seeb S\u00e3o Paulo<\/p>\n","protected":false},"excerpt":{"rendered":"<p>Ao mesmo tempo em que assiste a um vertiginoso aumento no n\u00famero de contas correntes (2,2 milh\u00f5es novos correntistas apenas em 2013), o Santander continua perpetrando sua pol\u00edtica de cortes de postos de trabalho. Conforme den\u00fancias recebidas pelo Sindicato dos Banc\u00e1rios de S\u00e3o Paulo, o banco espanhol est\u00e1 acabando com fun\u00e7\u00f5es como GA+ e B1 [&hellip;]<\/p>\n","protected":false},"author":1,"featured_media":0,"comment_status":"","ping_status":"","sticky":false,"template":"","format":"standard","meta":{"footnotes":""},"categories":[3],"tags":[],"class_list":["post-1022","post","type-post","status-publish","format-standard","hentry","category-noticias"],"_links":{"self":[{"href":"https:\/\/hostnetart.com.br\/baixada\/wp-json\/wp\/v2\/posts\/1022","targetHints":{"allow":["GET"]}}],"collection":[{"href":"https:\/\/hostnetart.com.br\/baixada\/wp-json\/wp\/v2\/posts"}],"about":[{"href":"https:\/\/hostnetart.com.br\/baixada\/wp-json\/wp\/v2\/types\/post"}],"author":[{"embeddable":true,"href":"https:\/\/hostnetart.com.br\/baixada\/wp-json\/wp\/v2\/users\/1"}],"replies":[{"embeddable":true,"href":"https:\/\/hostnetart.com.br\/baixada\/wp-json\/wp\/v2\/comments?post=1022"}],"version-history":[{"count":0,"href":"https:\/\/hostnetart.com.br\/baixada\/wp-json\/wp\/v2\/posts\/1022\/revisions"}],"wp:attachment":[{"href":"https:\/\/hostnetart.com.br\/baixada\/wp-json\/wp\/v2\/media?parent=1022"}],"wp:term":[{"taxonomy":"category","embeddable":true,"href":"https:\/\/hostnetart.com.br\/baixada\/wp-json\/wp\/v2\/categories?post=1022"},{"taxonomy":"post_tag","embeddable":true,"href":"https:\/\/hostnetart.com.br\/baixada\/wp-json\/wp\/v2\/tags?post=1022"}],"curies":[{"name":"wp","href":"https:\/\/api.w.org\/{rel}","templated":true}]}}