{"id":10219,"date":"2021-01-07T15:23:21","date_gmt":"2021-01-07T18:23:21","guid":{"rendered":"https:\/\/hostnetart.com.br\/baixada\/conheca-niara-mascote-da-campanha-tributar-os-super-ricos\/"},"modified":"2021-01-07T15:23:21","modified_gmt":"2021-01-07T18:23:21","slug":"conheca-niara-mascote-da-campanha-tributar-os-super-ricos","status":"publish","type":"post","link":"https:\/\/hostnetart.com.br\/baixada\/conheca-niara-mascote-da-campanha-tributar-os-super-ricos\/","title":{"rendered":"Conhe\u00e7a Niara, mascote da campanha Tributar os Super-ricos"},"content":{"rendered":"<p>Niara \u00e9 o nome da personagem criada pelo cartunista Aroeira para fortalecer a campanha Tributar os Super-ricos, lan\u00e7ada por 70 organiza\u00e7\u00f5es brasileiras para promover justi\u00e7a fiscal.<\/p>\n<p>\u00a0Em quadrinhos, ao estilo Armandinho e Mafalda, a pr\u00e9-adolescente negra Niara nasce pra explicar as distor\u00e7\u00f5es na cobran\u00e7a de impostos no Brasil. Niara, no idioma sua\u00edli, falado no leste da \u00c1frica, significa \u201caquela que tem grandes prop\u00f3sitos\u201d. \u201cNiara \u00e9 lindo. \u2018\u2026my sister speaks swahili\u2026\u2019\u00a0 \u00e9 parte da letra de um reggae que eu gosto muito, do Abyssinians\u2026 African Race\u201d, explica Renato Aroeira, que concebeu a personagem a convite da coordena\u00e7\u00e3o da campanha.<\/p>\n<p>\u00a0\u201cOs ricos pagam pouco ou quase nada sobre rendas altas, patrim\u00f4nios e heran\u00e7as, enquanto os pobres pagam proporcionalmente muito mais devido ao imposto sobre o consumo. \u00c9 fundamental tributar os mais ricos para promover igualdade\u201d, resume Renato Aroeira.<\/p>\n<p>Aroeira \u00e9 chargista com trabalhos para os principais jornais do Rio de Janeiro, como O Globo e O Dia, al\u00e9m de outros ve\u00edculos, como a revista Isto\u00c9. Em 2019, chegou a responder processo devido a uma charge, publicada durante as elei\u00e7\u00f5es de 2018, que retratava o ent\u00e3o candidato \u00e0 presid\u00eancia Jair Bolsonaro e o premi\u00ea israelense Benjamin Netanyahu formando o s\u00edmbolo da su\u00e1stica com os bra\u00e7os.<\/p>\n<p>A 5\u00aa C\u00e2mara C\u00edvel do Tribunal de Justi\u00e7a (TJ) do Rio de Janeiro definiu que a refer\u00eancia ao nazismo possu\u00eda prop\u00f3sito sat\u00edrico e n\u00e3o causaria danos morais. A senten\u00e7a ainda registrou que, no ano anterior, Bolsonaro n\u00e3o ficara constrangido em tirar fotografia ao lado de um homem fantasiado de Adolf Hitler.<\/p>\n<p><strong>O que \u00e9 a campanha<\/strong><\/p>\n<p>A campanha Tributar os Super-ricos \u00e9 nacional cobra medidas para enfrentar a grave crise aprofundada pela pandemia e contribuir para retomada do crescimento do pa\u00eds. Conta com a participa\u00e7\u00e3o de diversas entidades sociais, governadores e parlamentares.<\/p>\n<p>S\u00e3o oito as propostas da campanha, que tem a meta de promover um aumento de arrecada\u00e7\u00e3o de quase R$ 300 bilh\u00f5es, tributando apenas as altas rendas e grandes patrim\u00f4nios dos 0,3% mais ricos do Brasil.<\/p>\n<p><strong>Confira as Propostas<\/strong><\/p>\n<p>Corre\u00e7\u00e3o das distor\u00e7\u00f5es do Imposto de Renda da Pessoa F\u00edsica (IRPF) \u2013 revoga\u00e7\u00e3o da isen\u00e7\u00e3o dos lucros e dividendos distribu\u00eddos, fim da dedu\u00e7\u00e3o de juros sobre o capital pr\u00f3prio, eleva\u00e7\u00e3o do limite de isen\u00e7\u00e3o para baixas rendas, e cria\u00e7\u00e3o de nova tabela de al\u00edquotas progressivas.<\/p>\n<p>Institui\u00e7\u00e3o do Imposto Sobre Grandes Fortunas (IGF) sobre as riquezas das pessoas f\u00edsicas que ultrapassarem R$ 10 milh\u00f5es.<\/p>\n<p>Eleva\u00e7\u00e3o da al\u00edquota da Contribui\u00e7\u00e3o Social sobre o Lucro L\u00edquido (CSLL) dos setores financeiro e extrativo mineral.<\/p>\n<p>Cria\u00e7\u00e3o da Contribui\u00e7\u00e3o sobre Altas Rendas das Pessoas F\u00edsicas (CSAR), incidindo sobre rendas anuais acima de R$ 720 mil.<\/p>\n<p>Mudan\u00e7a nas regras do Imposto sobre Heran\u00e7as e Doa\u00e7\u00f5es (ITCMD), com amplia\u00e7\u00e3o da al\u00edquota m\u00e1xima de 8% para 30%.<\/p>\n<p>Novas regras de reparti\u00e7\u00e3o de receitas da Uni\u00e3o com Estados e Munic\u00edpios. A previs\u00e3o \u00e9 de acr\u00e9scimos de aproximadamente R$ 83 bilh\u00f5es para os Estados e R$ 54 bilh\u00f5es para os Munic\u00edpios.<\/p>\n<p>Regras para disciplinar a concess\u00e3o de benef\u00edcios fiscais e para combater a sonega\u00e7\u00e3o.<\/p>\n<p><strong>Para saber mais:<\/strong><\/p>\n<p>facebook.com\/tributar.s.super.ricos<\/p>\n<p>instagram.com\/tributar.os.super.ricos\/<\/p>\n<p>twitter.com\/OsTributar<\/p>\n<p>\u00a0<\/p>\n<p><strong>Fonte: Contraf-CUT<\/strong><\/p>\n","protected":false},"excerpt":{"rendered":"<p>Niara \u00e9 o nome da personagem criada pelo cartunista Aroeira para fortalecer a campanha Tributar os Super-ricos, lan\u00e7ada por 70 organiza\u00e7\u00f5es brasileiras para promover justi\u00e7a fiscal. \u00a0Em quadrinhos, ao estilo Armandinho e Mafalda, a pr\u00e9-adolescente negra Niara nasce pra explicar as distor\u00e7\u00f5es na cobran\u00e7a de impostos no Brasil. Niara, no idioma sua\u00edli, falado no leste [&hellip;]<\/p>\n","protected":false},"author":2,"featured_media":10218,"comment_status":"","ping_status":"","sticky":false,"template":"","format":"standard","meta":{"footnotes":""},"categories":[3],"tags":[],"class_list":["post-10219","post","type-post","status-publish","format-standard","has-post-thumbnail","hentry","category-noticias"],"_links":{"self":[{"href":"https:\/\/hostnetart.com.br\/baixada\/wp-json\/wp\/v2\/posts\/10219","targetHints":{"allow":["GET"]}}],"collection":[{"href":"https:\/\/hostnetart.com.br\/baixada\/wp-json\/wp\/v2\/posts"}],"about":[{"href":"https:\/\/hostnetart.com.br\/baixada\/wp-json\/wp\/v2\/types\/post"}],"author":[{"embeddable":true,"href":"https:\/\/hostnetart.com.br\/baixada\/wp-json\/wp\/v2\/users\/2"}],"replies":[{"embeddable":true,"href":"https:\/\/hostnetart.com.br\/baixada\/wp-json\/wp\/v2\/comments?post=10219"}],"version-history":[{"count":0,"href":"https:\/\/hostnetart.com.br\/baixada\/wp-json\/wp\/v2\/posts\/10219\/revisions"}],"wp:featuredmedia":[{"embeddable":true,"href":"https:\/\/hostnetart.com.br\/baixada\/wp-json\/wp\/v2\/media\/10218"}],"wp:attachment":[{"href":"https:\/\/hostnetart.com.br\/baixada\/wp-json\/wp\/v2\/media?parent=10219"}],"wp:term":[{"taxonomy":"category","embeddable":true,"href":"https:\/\/hostnetart.com.br\/baixada\/wp-json\/wp\/v2\/categories?post=10219"},{"taxonomy":"post_tag","embeddable":true,"href":"https:\/\/hostnetart.com.br\/baixada\/wp-json\/wp\/v2\/tags?post=10219"}],"curies":[{"name":"wp","href":"https:\/\/api.w.org\/{rel}","templated":true}]}}