{"id":10213,"date":"2021-01-06T13:25:54","date_gmt":"2021-01-06T16:25:54","guid":{"rendered":"https:\/\/hostnetart.com.br\/baixada\/coe-itau-esclarece-com-o-banco-abono-das-horas-do-grupo-de-risco\/"},"modified":"2021-01-06T13:25:54","modified_gmt":"2021-01-06T16:25:54","slug":"coe-itau-esclarece-com-o-banco-abono-das-horas-do-grupo-de-risco","status":"publish","type":"post","link":"https:\/\/hostnetart.com.br\/baixada\/coe-itau-esclarece-com-o-banco-abono-das-horas-do-grupo-de-risco\/","title":{"rendered":"COE Ita\u00fa esclarece com o banco abono das horas do grupo de risco"},"content":{"rendered":"<p><a href=\"https:\/\/contrafcut.com.br\/noticias\/sistema-de-compensacao-de-horas-volta-ao-normal-em-2021-no-itau\/?swcfpc=1\" target=\"_blank\" rel=\"noopener noreferrer\">A mat\u00e9ria publicada pela Confedera\u00e7\u00e3o Nacional dos Trabalhadores do Ramo Financeiro (Contraf-CUT), na segunda-feira (4)<\/a>, sobre a necessidade dos trabalhadores que se declararam como grupo de risco para a Covid-19 e que ainda est\u00e3o afastados do trabalho presencial de enviar uma declara\u00e7\u00e3o m\u00e9dica detalhada e atualizada descrevendo o quadro de sa\u00fade e sua gravidade at\u00e9 o pr\u00f3ximo dia 15 de janeiro gerou d\u00favidas na categoria.<\/p>\n<p>Por isso, a Comiss\u00e3o de Organiza\u00e7\u00e3o dos Empregados (COE) do Ita\u00fa procurou o banco para esclarecer como fica a situa\u00e7\u00e3o dos que n\u00e3o conseguirem o relat\u00f3rio at\u00e9 esta data, por conta das f\u00e9rias de muitos m\u00e9dicos. Esses dias ser\u00e3o abonados?<\/p>\n<p>\u201cO banco garantiu que sim. Que ir\u00e1 tratar caso a caso e que o time de sa\u00fade far\u00e1 a interlocu\u00e7\u00e3o. A data inicial foi utilizada como par\u00e2metro. O objetivo \u00e9 dar tempo \u00e0s pessoas que precisem obter os documentos\u201d, explicou Jair Alves, coordenador da COE Ita\u00fa. \u201cVale deixar claro para as pessoas que o quanto antes conseguirem entregar o relat\u00f3rio \u00e9 melhor para ela, para n\u00e3o se preocupar com o abono das horas\u201d, completou.<\/p>\n<h3>Teletrabalho<\/h3>\n<p>O Banco Ita\u00fa informou ainda que ser\u00e1 efetuado, ainda em janeiro, o pagamento da ajuda de custo para os trabalhadores que est\u00e3o em home office e aprovaram o acordo de teletrabalho. O valor ser\u00e1 de R$ 160,00 retroativo a novembro e dezembro, mais R$ 480,00 do atual semestre, de janeiro a junho de 2021.<\/p>\n<p><strong>Fonte: Contraf-CUT<\/strong><\/p>\n","protected":false},"excerpt":{"rendered":"<p>A mat\u00e9ria publicada pela Confedera\u00e7\u00e3o Nacional dos Trabalhadores do Ramo Financeiro (Contraf-CUT), na segunda-feira (4), sobre a necessidade dos trabalhadores que se declararam como grupo de risco para a Covid-19 e que ainda est\u00e3o afastados do trabalho presencial de enviar uma declara\u00e7\u00e3o m\u00e9dica detalhada e atualizada descrevendo o quadro de sa\u00fade e sua gravidade at\u00e9 [&hellip;]<\/p>\n","protected":false},"author":2,"featured_media":10212,"comment_status":"","ping_status":"","sticky":false,"template":"","format":"standard","meta":{"footnotes":""},"categories":[3],"tags":[],"class_list":["post-10213","post","type-post","status-publish","format-standard","has-post-thumbnail","hentry","category-noticias"],"_links":{"self":[{"href":"https:\/\/hostnetart.com.br\/baixada\/wp-json\/wp\/v2\/posts\/10213","targetHints":{"allow":["GET"]}}],"collection":[{"href":"https:\/\/hostnetart.com.br\/baixada\/wp-json\/wp\/v2\/posts"}],"about":[{"href":"https:\/\/hostnetart.com.br\/baixada\/wp-json\/wp\/v2\/types\/post"}],"author":[{"embeddable":true,"href":"https:\/\/hostnetart.com.br\/baixada\/wp-json\/wp\/v2\/users\/2"}],"replies":[{"embeddable":true,"href":"https:\/\/hostnetart.com.br\/baixada\/wp-json\/wp\/v2\/comments?post=10213"}],"version-history":[{"count":0,"href":"https:\/\/hostnetart.com.br\/baixada\/wp-json\/wp\/v2\/posts\/10213\/revisions"}],"wp:featuredmedia":[{"embeddable":true,"href":"https:\/\/hostnetart.com.br\/baixada\/wp-json\/wp\/v2\/media\/10212"}],"wp:attachment":[{"href":"https:\/\/hostnetart.com.br\/baixada\/wp-json\/wp\/v2\/media?parent=10213"}],"wp:term":[{"taxonomy":"category","embeddable":true,"href":"https:\/\/hostnetart.com.br\/baixada\/wp-json\/wp\/v2\/categories?post=10213"},{"taxonomy":"post_tag","embeddable":true,"href":"https:\/\/hostnetart.com.br\/baixada\/wp-json\/wp\/v2\/tags?post=10213"}],"curies":[{"name":"wp","href":"https:\/\/api.w.org\/{rel}","templated":true}]}}