{"id":10209,"date":"2021-01-05T14:05:13","date_gmt":"2021-01-05T17:05:13","guid":{"rendered":"https:\/\/hostnetart.com.br\/baixada\/denuncias-ao-mpt-crescem-em-2020-pandemia-responde-por-quase-40\/"},"modified":"2021-01-05T14:05:13","modified_gmt":"2021-01-05T17:05:13","slug":"denuncias-ao-mpt-crescem-em-2020-pandemia-responde-por-quase-40","status":"publish","type":"post","link":"https:\/\/hostnetart.com.br\/baixada\/denuncias-ao-mpt-crescem-em-2020-pandemia-responde-por-quase-40\/","title":{"rendered":"Den\u00fancias ao MPT crescem em 2020. Pandemia responde por quase 40%"},"content":{"rendered":"<p>O Minist\u00e9rio P\u00fablico do Trabalho (MPT) recebeu 93.707 den\u00fancias de viola\u00e7\u00f5es de direitos em 2020. Desse total, 36.010 (38%) eram referentes \u00e0 covid-19. Assim, segundo o MPT, foram quase 100 den\u00fancias por dia \u201cdecorrentes dos impactos do novo coronav\u00edrus no mundo do trabalho\u201d. Os dados ainda s\u00e3o preliminares, e dever\u00e3o ser detalhados nos pr\u00f3ximos dias. Entre as queixas, est\u00e3o desrespeito a medidas de protocolo e fornecimento de equipamentos de prote\u00e7\u00e3o.<\/p>\n<p>Ainda de acordo com o Minist\u00e9rio P\u00fablico, foram abertos mais de 22 mil inqu\u00e9ritos civis para apurar irregularidades trabalhistas. E 9.810 (44%) eram sobre Covid.\u00a0<\/p>\n<p>Al\u00e9m disso, o MPT bateu recorde em recomenda\u00e7\u00f5es: foram 21.098 no ano passado, ante apenas 2.861 em 2020. A maior parte (63%) tamb\u00e9m tinha como foco a pandemia, \u201ccom medidas de preven\u00e7\u00e3o e combate \u00e0 doen\u00e7a voltadas a diferentes categorias profissionais, nas 13.482 recomenda\u00e7\u00f5es enviadas aos empregadores\u201d.\u00a0Houve ainda 153.403 despachos e 195.857 notifica\u00e7\u00f5es, of\u00edcios e requisi\u00e7\u00f5es.<\/p>\n<p>\u201cEsta atua\u00e7\u00e3o relacionada \u00e0 Covid-19 resultou tamb\u00e9m em 353 termos de ajustamento de conduta firmados e 407 a\u00e7\u00f5es civis p\u00fablicas ajuizadas\u201d, informa o MPT. A Procuradoria\u00a0elaborou\u00a0<a href=\"https:\/\/mpt.mp.br\/pgt\/noticias\/nota-tecnica-20-gt-covid-19-mpt-revisao-11-12-2020-5-1.pdf\">notas t\u00e9cnicas<\/a>\u00a0voltadas \u00e0s atividades de professores e trabalhadores na sa\u00fade, al\u00e9m de\u00a0<em>home office<\/em>,\u00a0<a href=\"https:\/\/mpt.mp.br\/pgt\/noticias\/parecerjuridico_2798-2020_gerado-em-23-10-2020-18h21min31s.pdf\" target=\"_blank\" rel=\"noopener noreferrer\">teleatendimento<\/a>\u00a0e servi\u00e7os dom\u00e9sticos, entre outros.<\/p>\n<p>O Minist\u00e9rio P\u00fablico do Trabalho cita acordo firmado com a startup Rappi. A empresa de entrega via aplicativo \u201cse comprometeu a adotar uma s\u00e9rie de medidas destinadas \u00e0 prote\u00e7\u00e3o dos entregadores contra a Covid-19, al\u00e9m de assist\u00eancia financeira \u00e0queles diagnosticados ou que apresentarem atestado que comprove a necessidade de isolamento social\u201d.\u00a0<\/p>\n<p><strong>Fonte: Rede Brasil Atual<\/strong><\/p>\n","protected":false},"excerpt":{"rendered":"<p>O Minist\u00e9rio P\u00fablico do Trabalho (MPT) recebeu 93.707 den\u00fancias de viola\u00e7\u00f5es de direitos em 2020. Desse total, 36.010 (38%) eram referentes \u00e0 covid-19. Assim, segundo o MPT, foram quase 100 den\u00fancias por dia \u201cdecorrentes dos impactos do novo coronav\u00edrus no mundo do trabalho\u201d. Os dados ainda s\u00e3o preliminares, e dever\u00e3o ser detalhados nos pr\u00f3ximos dias. [&hellip;]<\/p>\n","protected":false},"author":2,"featured_media":10208,"comment_status":"","ping_status":"","sticky":false,"template":"","format":"standard","meta":{"footnotes":""},"categories":[3],"tags":[],"class_list":["post-10209","post","type-post","status-publish","format-standard","has-post-thumbnail","hentry","category-noticias"],"_links":{"self":[{"href":"https:\/\/hostnetart.com.br\/baixada\/wp-json\/wp\/v2\/posts\/10209","targetHints":{"allow":["GET"]}}],"collection":[{"href":"https:\/\/hostnetart.com.br\/baixada\/wp-json\/wp\/v2\/posts"}],"about":[{"href":"https:\/\/hostnetart.com.br\/baixada\/wp-json\/wp\/v2\/types\/post"}],"author":[{"embeddable":true,"href":"https:\/\/hostnetart.com.br\/baixada\/wp-json\/wp\/v2\/users\/2"}],"replies":[{"embeddable":true,"href":"https:\/\/hostnetart.com.br\/baixada\/wp-json\/wp\/v2\/comments?post=10209"}],"version-history":[{"count":0,"href":"https:\/\/hostnetart.com.br\/baixada\/wp-json\/wp\/v2\/posts\/10209\/revisions"}],"wp:featuredmedia":[{"embeddable":true,"href":"https:\/\/hostnetart.com.br\/baixada\/wp-json\/wp\/v2\/media\/10208"}],"wp:attachment":[{"href":"https:\/\/hostnetart.com.br\/baixada\/wp-json\/wp\/v2\/media?parent=10209"}],"wp:term":[{"taxonomy":"category","embeddable":true,"href":"https:\/\/hostnetart.com.br\/baixada\/wp-json\/wp\/v2\/categories?post=10209"},{"taxonomy":"post_tag","embeddable":true,"href":"https:\/\/hostnetart.com.br\/baixada\/wp-json\/wp\/v2\/tags?post=10209"}],"curies":[{"name":"wp","href":"https:\/\/api.w.org\/{rel}","templated":true}]}}