{"id":10205,"date":"2021-01-05T02:42:58","date_gmt":"2021-01-05T05:42:58","guid":{"rendered":"https:\/\/hostnetart.com.br\/baixada\/sistema-de-compensacao-de-horas-volta-ao-normal-em-2021-no-itau\/"},"modified":"2021-01-05T02:42:58","modified_gmt":"2021-01-05T05:42:58","slug":"sistema-de-compensacao-de-horas-volta-ao-normal-em-2021-no-itau","status":"publish","type":"post","link":"https:\/\/hostnetart.com.br\/baixada\/sistema-de-compensacao-de-horas-volta-ao-normal-em-2021-no-itau\/","title":{"rendered":"Sistema de compensa\u00e7\u00e3o de horas volta ao normal em 2021 no Ita\u00fa"},"content":{"rendered":"<p>A partir desta segunda-feira (4), o sistema de compensa\u00e7\u00e3o volta a ser mensal. O per\u00edodo de ac\u00famulo de horas negativas, conhecido como banco de horas, encerrou-se em 31 de dezembro de 2020 e o saldo acumulado dever\u00e1 ser compensado at\u00e9 dezembro de 2021. Em janeiro, a Confedera\u00e7\u00e3o Nacional dos Trabalhadores do Ramo Financeiro (Contraf-CUT) e a Comiss\u00e3o de Organiza\u00e7\u00e3o dos Empregados (COE) do Ita\u00fa se re\u00fanem com o banco para definir as regras de compensa\u00e7\u00e3o.<\/p>\n<p>Jair Alves, coordenador da COE do Ita\u00fa, aconselha aos banc\u00e1rios que tenham qualquer problema na compensa\u00e7\u00e3o das horas, procurar o sindicato que ir\u00e1 repassar ao banco.<\/p>\n<h3>Grupo de risco<\/h3>\n<p>Os trabalhadores que se declararam como grupo de risco para Covid-19 e ainda est\u00e3o afastados do trabalho presencial dever\u00e3o enviar uma declara\u00e7\u00e3o m\u00e9dica detalhada e atualizada descrevendo o quadro de sa\u00fade e sua gravidade at\u00e9 o pr\u00f3ximo dia 15 de janeiro.<\/p>\n<p>Com base na documenta\u00e7\u00e3o, ser\u00e1 avaliada pela \u00c1rea de Sa\u00fade a manuten\u00e7\u00e3o do afastamento ou o retorno ao trabalho. At\u00e9 essa defini\u00e7\u00e3o, a partir desta segunda-feira (4) as faltas registradas por esses colaboradores ser\u00e3o abonadas pelos gestores.<\/p>\n<p>N\u00e3o devem enviar a documenta\u00e7\u00e3o: gestantes, pessoas com 60 anos ou mais e pessoas com c\u00e2ncer, transplantadas ou que fazem uso de medicamento imunossupressores, pois devem continuar afastados do trabalho presencial automaticamente.<\/p>\n<p>O Ita\u00fa informou que essas recomenda\u00e7\u00f5es poder\u00e3o ser revistas ou complementadas a qualquer momento.<\/p>\n<p><strong>Fonte: Contraf-CUT<\/strong><\/p>\n","protected":false},"excerpt":{"rendered":"<p>A partir desta segunda-feira (4), o sistema de compensa\u00e7\u00e3o volta a ser mensal. O per\u00edodo de ac\u00famulo de horas negativas, conhecido como banco de horas, encerrou-se em 31 de dezembro de 2020 e o saldo acumulado dever\u00e1 ser compensado at\u00e9 dezembro de 2021. Em janeiro, a Confedera\u00e7\u00e3o Nacional dos Trabalhadores do Ramo Financeiro (Contraf-CUT) e [&hellip;]<\/p>\n","protected":false},"author":2,"featured_media":10204,"comment_status":"","ping_status":"","sticky":false,"template":"","format":"standard","meta":{"footnotes":""},"categories":[3],"tags":[],"class_list":["post-10205","post","type-post","status-publish","format-standard","has-post-thumbnail","hentry","category-noticias"],"_links":{"self":[{"href":"https:\/\/hostnetart.com.br\/baixada\/wp-json\/wp\/v2\/posts\/10205","targetHints":{"allow":["GET"]}}],"collection":[{"href":"https:\/\/hostnetart.com.br\/baixada\/wp-json\/wp\/v2\/posts"}],"about":[{"href":"https:\/\/hostnetart.com.br\/baixada\/wp-json\/wp\/v2\/types\/post"}],"author":[{"embeddable":true,"href":"https:\/\/hostnetart.com.br\/baixada\/wp-json\/wp\/v2\/users\/2"}],"replies":[{"embeddable":true,"href":"https:\/\/hostnetart.com.br\/baixada\/wp-json\/wp\/v2\/comments?post=10205"}],"version-history":[{"count":0,"href":"https:\/\/hostnetart.com.br\/baixada\/wp-json\/wp\/v2\/posts\/10205\/revisions"}],"wp:featuredmedia":[{"embeddable":true,"href":"https:\/\/hostnetart.com.br\/baixada\/wp-json\/wp\/v2\/media\/10204"}],"wp:attachment":[{"href":"https:\/\/hostnetart.com.br\/baixada\/wp-json\/wp\/v2\/media?parent=10205"}],"wp:term":[{"taxonomy":"category","embeddable":true,"href":"https:\/\/hostnetart.com.br\/baixada\/wp-json\/wp\/v2\/categories?post=10205"},{"taxonomy":"post_tag","embeddable":true,"href":"https:\/\/hostnetart.com.br\/baixada\/wp-json\/wp\/v2\/tags?post=10205"}],"curies":[{"name":"wp","href":"https:\/\/api.w.org\/{rel}","templated":true}]}}