{"id":10201,"date":"2020-12-30T03:07:08","date_gmt":"2020-12-30T06:07:08","guid":{"rendered":"https:\/\/hostnetart.com.br\/baixada\/brasil-tem-maior-numero-de-mortos-por-covid-19-em-24-horas-desde-setembro\/"},"modified":"2020-12-30T03:07:08","modified_gmt":"2020-12-30T06:07:08","slug":"brasil-tem-maior-numero-de-mortos-por-covid-19-em-24-horas-desde-setembro","status":"publish","type":"post","link":"https:\/\/hostnetart.com.br\/baixada\/brasil-tem-maior-numero-de-mortos-por-covid-19-em-24-horas-desde-setembro\/","title":{"rendered":"Brasil tem maior n\u00famero de mortos por covid-19 em 24 horas desde setembro"},"content":{"rendered":"<p>O Brasil teve o dia mais letal da\u00a0<a href=\"https:\/\/www.redebrasilatual.com.br\/tag\/coronavirus\/\" target=\"_blank\" rel=\"noopener noreferrer\">covid-19<\/a>\u00a0desde 15 de setembro. Foram 1.111 v\u00edtimas em 24 horas. Desde o in\u00edcio do surto, em mar\u00e7o, j\u00e1 s\u00e3o 192.681 mortos no pa\u00eds, sem contar a subnotifica\u00e7\u00e3o. Em rela\u00e7\u00e3o ao\u00a0<a href=\"https:\/\/www.redebrasilatual.com.br\/saude-e-ciencia\/2020\/12\/brasil-supera-75-milhoes-de-infectados-pela-covid-19\/\" target=\"_blank\" rel=\"noopener noreferrer\">n\u00famero de infectados<\/a>, houve tamb\u00e9m um grande salto: 58.718 mil novos casos de covid-19 \u2013 quinto pior dia de cont\u00e1gios desde mar\u00e7o. De acordo com os dados desta ter\u00e7a-feira (29) do Conselho Nacional dos Secret\u00e1rios de Sa\u00fade (Conass), s\u00e3o 7.563.551 contaminados.<\/p>\n<div class=\"wp-block-image\">\n<figure class=\"aligncenter size-large\"><img decoding=\"async\" class=\"wp-image-462695\" src=\"https:\/\/www.redebrasilatual.com.br\/wp-content\/uploads\/2020\/12\/covid29.jpg\" sizes=\"(max-width: 485px) 100vw, 485px\" srcset=\"https:\/\/www.redebrasilatual.com.br\/wp-content\/uploads\/2020\/12\/covid29.jpg 485w, https:\/\/www.redebrasilatual.com.br\/wp-content\/uploads\/2020\/12\/covid29-360x117.jpg 360w\" alt=\"\" \/><figcaption>N\u00fameros da covid-19 mostram a realidade da pandemia no Brasil. Fonte:\u00a0<a href=\"https:\/\/www.conass.org.br\/painelconasscovid19\/\" target=\"_blank\" rel=\"noopener noreferrer\">Conass<\/a><\/figcaption><\/figure>\n<\/div>\n<p>Entre os dados que chamam a aten\u00e7\u00e3o est\u00e3o, por exemplo, os do Rio Grande do Sul. O estado registrou o maior n\u00famero de mortos por covid-19 em um dia em todo o hist\u00f3rico da epidemia. Foram 144 v\u00edtimas. Foi apenas a segunda vez que o estado teve mais de 100 mortos em um per\u00edodo de 24 horas.<\/p>\n<p>Em S\u00e3o Paulo, foram 293 mortos. O estado \u00e9 o mais afetado do pa\u00eds. S\u00e3o 192.681 mortos e 1.440.229 infectados. Mesmo assim, o fim do ano tem registro de aglomera\u00e7\u00f5es e festas em muitos locais, particularmente nas praias. Munic\u00edpios do litoral norte do estado se negaram a cumprir a fase vermelha do Plano S\u00e3o Paulo, decretada pelo governo do estado, e seguem com intensa movimenta\u00e7\u00e3o.<\/p>\n<p>Na sequ\u00eancia vem o Rio de Janeiro. S\u00e3o 426.259 infectados e 25.078 mortos. A capital fluminense j\u00e1 anunciou que fechar\u00e1 as praias para este ano novo, com a finalidade de evitar aglomera\u00e7\u00f5es tipicamente intensas na cidade mais tur\u00edstica do pa\u00eds.<\/p>\n<h2><span style=\"text-decoration: underline;\">Falta de esperan\u00e7a<\/span><\/h2>\n<p>Especialistas temem que o in\u00edcio do ano no Brasil seja sombrio. As aglomera\u00e7\u00f5es do fim de ano devem resultar em picos de cont\u00e1gio e mortes, com poss\u00edvel esgotamento nas redes de sa\u00fade. Enquanto isso, os cidad\u00e3os esperam defini\u00e7\u00f5es sobre um calend\u00e1rio efetivo de vacina\u00e7\u00f5es. Algo impreciso, j\u00e1 que o governo de Jair Bolsonaro desdenha da pandemia e faz campanha contra vacinas.<\/p>\n<p>O peri\u00f3dico franc\u00eas\u00a0<em>Le Figaro<\/em>\u00a0publicou um texto hoje com espanto para relatar a situa\u00e7\u00e3o brasileira. \u201cDesde o in\u00edcio da pandemia, Jair Bolsonaro minimizou os efeitos do que chamou de \u2018gripezinha\u2019, rejeitando as medidas de distanciamento social e o uso de m\u00e1scara, al\u00e9m de defender a prescri\u00e7\u00e3o da hidroxicloroquina, para o tratamento da doen\u00e7a (\u2026) atitudes \u00fanicas nas democracias.\u201d<\/p>\n<p><strong>Fonte: Rede Brasil Atual<\/strong><\/p>\n","protected":false},"excerpt":{"rendered":"<p>O Brasil teve o dia mais letal da\u00a0covid-19\u00a0desde 15 de setembro. Foram 1.111 v\u00edtimas em 24 horas. Desde o in\u00edcio do surto, em mar\u00e7o, j\u00e1 s\u00e3o 192.681 mortos no pa\u00eds, sem contar a subnotifica\u00e7\u00e3o. Em rela\u00e7\u00e3o ao\u00a0n\u00famero de infectados, houve tamb\u00e9m um grande salto: 58.718 mil novos casos de covid-19 \u2013 quinto pior dia de [&hellip;]<\/p>\n","protected":false},"author":2,"featured_media":10200,"comment_status":"","ping_status":"","sticky":false,"template":"","format":"standard","meta":{"footnotes":""},"categories":[3],"tags":[],"class_list":["post-10201","post","type-post","status-publish","format-standard","has-post-thumbnail","hentry","category-noticias"],"_links":{"self":[{"href":"https:\/\/hostnetart.com.br\/baixada\/wp-json\/wp\/v2\/posts\/10201","targetHints":{"allow":["GET"]}}],"collection":[{"href":"https:\/\/hostnetart.com.br\/baixada\/wp-json\/wp\/v2\/posts"}],"about":[{"href":"https:\/\/hostnetart.com.br\/baixada\/wp-json\/wp\/v2\/types\/post"}],"author":[{"embeddable":true,"href":"https:\/\/hostnetart.com.br\/baixada\/wp-json\/wp\/v2\/users\/2"}],"replies":[{"embeddable":true,"href":"https:\/\/hostnetart.com.br\/baixada\/wp-json\/wp\/v2\/comments?post=10201"}],"version-history":[{"count":0,"href":"https:\/\/hostnetart.com.br\/baixada\/wp-json\/wp\/v2\/posts\/10201\/revisions"}],"wp:featuredmedia":[{"embeddable":true,"href":"https:\/\/hostnetart.com.br\/baixada\/wp-json\/wp\/v2\/media\/10200"}],"wp:attachment":[{"href":"https:\/\/hostnetart.com.br\/baixada\/wp-json\/wp\/v2\/media?parent=10201"}],"wp:term":[{"taxonomy":"category","embeddable":true,"href":"https:\/\/hostnetart.com.br\/baixada\/wp-json\/wp\/v2\/categories?post=10201"},{"taxonomy":"post_tag","embeddable":true,"href":"https:\/\/hostnetart.com.br\/baixada\/wp-json\/wp\/v2\/tags?post=10201"}],"curies":[{"name":"wp","href":"https:\/\/api.w.org\/{rel}","templated":true}]}}