{"id":1020,"date":"2014-04-14T00:00:00","date_gmt":"2014-04-14T03:00:00","guid":{"rendered":"https:\/\/hostnetart.com.br\/baixada\/contraf-cut-critica-desrespeito-na-reestruturacao-do-setor-juridico-do-bb\/"},"modified":"2014-04-14T00:00:00","modified_gmt":"2014-04-14T03:00:00","slug":"contraf-cut-critica-desrespeito-na-reestruturacao-do-setor-juridico-do-bb","status":"publish","type":"post","link":"https:\/\/hostnetart.com.br\/baixada\/contraf-cut-critica-desrespeito-na-reestruturacao-do-setor-juridico-do-bb\/","title":{"rendered":"Contraf-CUT critica desrespeito na reestrutura\u00e7\u00e3o do setor jur\u00eddico do BB"},"content":{"rendered":"<p>A Contraf-CUT critica o processo de reestrutura\u00e7\u00e3o em andamento no departamento jur\u00eddico (Dijur) do BB. As mudan\u00e7as est\u00e3o atormentando os funcion\u00e1rios do setor em todo o pa\u00eds. Conforme a Associa\u00e7\u00e3o dos Advogados do Banco do Brasil (ASABB), ao menos dez unidades foram encerradas, transferidas ou fundidas com outras unidades, e diversos banc\u00e1rios est\u00e3o perdendo suas fun\u00e7\u00f5es.<\/p>\n<p>Os descomissionamentos no setor come\u00e7aram mesmo ap\u00f3s compromisso do banco desde 2013 em discutir com o movimento sindical as quest\u00f5es de reestrutura\u00e7\u00e3o. Os funcion\u00e1rios dos departamentos fechados foram considerados \u201cexcedentes\u201d e relatam situa\u00e7\u00f5es humilhantes e desrespeitosas.<\/p>\n<p>\u201cMeu departamento no interior da Bahia fechou. Me ofereceram uma vaga em Salvador por meio do TAO. Consegui a vaga e tomei posse no dia 12 de fevereiro. No dia 25 de mar\u00e7o eu recebi uma carta mandando eu concorrer de novo em alguma cidade de outro estado onde tivesse vaga. Mas fui impedido pelo TAO porque s\u00f3 \u00e9 poss\u00edvel concorrer a uma vaga a cada dois anos\u201d, conta um funcion\u00e1rio.<\/p>\n<p>\u201cMinha fam\u00edlia ficou no interior, eu me sujeitei a ir para Salvador pagando moradia e demais despesas por conta pr\u00f3pria e, como se n\u00e3o bastasse, ainda me mandam concorrer de novo e tiram minha comiss\u00e3o. \u00c9 uma situa\u00e7\u00e3o humilhante. Tenho mais de 30 anos de banco\u201d, desabafa o banc\u00e1rio.<\/p>\n<p>Casos como este est\u00e3o ocorrendo pelo pa\u00eds, segundo o presidente da ASABB, Marco Ant\u00f4nio Paz Chaves. \u201cNo m\u00ednimo quatro advogados em dois estados passaram por situa\u00e7\u00e3o semelhante\u201d, afirma. De acordo com a ASABB, a reestrutura\u00e7\u00e3o est\u00e1 ocorrendo em ao menos seis estados (MG, SP, RS, BA, RJ e PR).<\/p>\n<p><strong>Movimento sindical est\u00e1 de olho<\/strong><\/p>\n<p>A reestrutura\u00e7\u00e3o foi um dos problemas discutidos na \u00faltima reuni\u00e3o entre a Contraf-CUT, federa\u00e7\u00f5es e sindicatos com o BB, ocorrida no dia 2 de abril. \u201cCobramos que o BB mais uma vez come\u00e7ou uma reestrutura\u00e7\u00e3o e n\u00e3o contatou as entidades sindicais para tratar do tema que envolve a vida de dezenas de funcion\u00e1rios\u201d, lembra o secret\u00e1rio de forma\u00e7\u00e3o da Contraf-CUT e coordenador da Comiss\u00e3o de Empresa dos Funcion\u00e1rios do BB, William Mendes. Na ocasi\u00e3o, o banco assumiu o compromisso de verificar o assunto e dar um retorno sobre o andamento do processo.<\/p>\n<p>\u201cObtivemos uma resposta do banco nesta sexta-feira (11), dizendo que o esfor\u00e7o \u00e9 para realocar os funcion\u00e1rios atingidos com remunera\u00e7\u00e3o igual ou semelhante\u201d, informa William. \u201cAlertamos o banco para a necessidade de preservar sal\u00e1rios e direitos dos banc\u00e1rios. Deixamos bem claro que a reestrutura\u00e7\u00e3o est\u00e1 sendo acompanhada de perto pelos sindicatos, que ir\u00e3o adotar todas as medidas cab\u00edveis, inclusive judiciais, para combater descomissionamentos e qualquer outra medida arbitr\u00e1ria\u201d, enfatiza William.<\/p>\n<p>O diretor executivo do Sindicato dos Banc\u00e1rios de S\u00e3o Paulo, Ernesto Izumi, ressalta que os descomissionamentos, como o descrito pelo banc\u00e1rio da Bahia, ferem a s\u00famula 372 do TST, que veda ao empregador retirar gratifica\u00e7\u00f5es de funcion\u00e1rios empregados na mesma empresa h\u00e1 mais de 10 anos se houver revers\u00e3o de fun\u00e7\u00e3o sem justa causa.<\/p>\n<p>\u201cQualquer funcion\u00e1rio que estiver passando por situa\u00e7\u00e3o semelhante deve procurar o Sindicato para o ingresso de a\u00e7\u00f5es jur\u00eddicas pleiteando a manuten\u00e7\u00e3o do sal\u00e1rio e do cargo. N\u00f3s repudiamos os descomissionamentos\u201d, conclui Ernesto.<\/p>\n<p><strong>Campanha de vacina\u00e7\u00e3o<\/strong><\/p>\n<p>O BB anunciou que o cronograma da campanha de vacina\u00e7\u00e3o contra a gripe ser\u00e1 divulgado na pr\u00f3xima ter\u00e7a-feira (15). A demora do BB foi tamb\u00e9m discutida na \u00faltima negocia\u00e7\u00e3o com as entidades sindicais, quando o banco prometeu uma solu\u00e7\u00e3o. A vacina\u00e7\u00e3o foi um dos compromissos assumidos pelo BB na Campanha Nacional 2013.<\/p>\n<p>A vacina contra a gripe come\u00e7a a fazer efeito cerca de 15 dias ap\u00f3s a vacina\u00e7\u00e3o, quando j\u00e1 aparecem os anticorpos que dar\u00e3o a prote\u00e7\u00e3o contra a gripe, sendo que tal prote\u00e7\u00e3o m\u00e1xima ser\u00e1 atingida ap\u00f3s aproximadamente 45 dias.<\/p>\n<p>Fonte: Contraf-CUT com Seeb S\u00e3o Paulo<\/p>\n","protected":false},"excerpt":{"rendered":"<p>A Contraf-CUT critica o processo de reestrutura\u00e7\u00e3o em andamento no departamento jur\u00eddico (Dijur) do BB. As mudan\u00e7as est\u00e3o atormentando os funcion\u00e1rios do setor em todo o pa\u00eds. Conforme a Associa\u00e7\u00e3o dos Advogados do Banco do Brasil (ASABB), ao menos dez unidades foram encerradas, transferidas ou fundidas com outras unidades, e diversos banc\u00e1rios est\u00e3o perdendo suas [&hellip;]<\/p>\n","protected":false},"author":1,"featured_media":0,"comment_status":"","ping_status":"","sticky":false,"template":"","format":"standard","meta":{"footnotes":""},"categories":[3],"tags":[],"class_list":["post-1020","post","type-post","status-publish","format-standard","hentry","category-noticias"],"_links":{"self":[{"href":"https:\/\/hostnetart.com.br\/baixada\/wp-json\/wp\/v2\/posts\/1020","targetHints":{"allow":["GET"]}}],"collection":[{"href":"https:\/\/hostnetart.com.br\/baixada\/wp-json\/wp\/v2\/posts"}],"about":[{"href":"https:\/\/hostnetart.com.br\/baixada\/wp-json\/wp\/v2\/types\/post"}],"author":[{"embeddable":true,"href":"https:\/\/hostnetart.com.br\/baixada\/wp-json\/wp\/v2\/users\/1"}],"replies":[{"embeddable":true,"href":"https:\/\/hostnetart.com.br\/baixada\/wp-json\/wp\/v2\/comments?post=1020"}],"version-history":[{"count":0,"href":"https:\/\/hostnetart.com.br\/baixada\/wp-json\/wp\/v2\/posts\/1020\/revisions"}],"wp:attachment":[{"href":"https:\/\/hostnetart.com.br\/baixada\/wp-json\/wp\/v2\/media?parent=1020"}],"wp:term":[{"taxonomy":"category","embeddable":true,"href":"https:\/\/hostnetart.com.br\/baixada\/wp-json\/wp\/v2\/categories?post=1020"},{"taxonomy":"post_tag","embeddable":true,"href":"https:\/\/hostnetart.com.br\/baixada\/wp-json\/wp\/v2\/tags?post=1020"}],"curies":[{"name":"wp","href":"https:\/\/api.w.org\/{rel}","templated":true}]}}