{"id":10199,"date":"2020-12-30T03:05:15","date_gmt":"2020-12-30T06:05:15","guid":{"rendered":"https:\/\/hostnetart.com.br\/baixada\/funcionarios-do-banco-do-brasil-querem-prorrogacao-do-acordo-emergencial\/"},"modified":"2020-12-30T03:05:15","modified_gmt":"2020-12-30T06:05:15","slug":"funcionarios-do-banco-do-brasil-querem-prorrogacao-do-acordo-emergencial","status":"publish","type":"post","link":"https:\/\/hostnetart.com.br\/baixada\/funcionarios-do-banco-do-brasil-querem-prorrogacao-do-acordo-emergencial\/","title":{"rendered":"Funcion\u00e1rios do Banco do Brasil querem prorroga\u00e7\u00e3o do acordo emergencial"},"content":{"rendered":"<p>Vence nesta quinta-feira (31) o acordo emergencial firmado entre a dire\u00e7\u00e3o do Banco do Brasil e a Comiss\u00e3o de Empresa dos Funcion\u00e1rios do Banco do Brasil (CEBB). O acordo prev\u00ea o compromisso de n\u00e3o descomissionamento por desempenho enquanto durar a pandemia; anistia de 10% do saldo total de horas negativas a compensar e prazo de compensa\u00e7\u00e3o de horas negativas de 18 meses. Os funcion\u00e1rios do banco cobram a prorroga\u00e7\u00e3o do acordo.<\/p>\n<p>\u201cO acordo segue o decreto governamental sobre a pandemia, que acaba agora, dia 31. Caso o decreto seja renovado, tamb\u00e9m ser\u00e1 renovado o nosso acordo\u201d, alertou o coordenador da Comiss\u00e3o de Empresa dos Funcion\u00e1rios do Banco do Brasil (CEBB), Jo\u00e3o Fukunaga. At\u00e9 esta ter\u00e7a-feira (29), o governo n\u00e3o tinha dado indica\u00e7\u00f5es de que iria renovar o decreto.<\/p>\n<p>\u201cPor isso, estamos cobrando do banco uma negocia\u00e7\u00e3o. Nossa preocupa\u00e7\u00e3o \u00e9 que o governo federal demonstra que n\u00e3o tem interesse em renovar o decreto emergencial porque o aux\u00edlio emergencial est\u00e1 atrelado a esse decreto. O governo tem dado declara\u00e7\u00f5es de que n\u00e3o vai continuar a pagar o aux\u00edlio emergencial. Por outro lado, a C\u00e2mara dos Deputados, que promulgou esse decreto emergencial, est\u00e1 em uma disputa intensa pela presid\u00eancia da Casa e n\u00e3o tem feito essas discuss\u00f5es sobre a prorroga\u00e7\u00e3o do decreto\u201d, avaliou Fukunaga. Tudo isso acontece em um cen\u00e1rio de aumento da pandemia, no qual o movimento sindical cobra uma decis\u00e3o na mesa de negocia\u00e7\u00e3o com a Federa\u00e7\u00e3o Nacional dos Bancos (Fenaban).<\/p>\n<p>\u201cEstamos cobrando do Banco do Brasil, para que respeite a vida das pessoas. Queremos negociar, caso o decreto n\u00e3o seja renovado pelo governo. N\u00e3o \u00e9 certo que as pessoas retornem ao trabalho presencial em um momento de aumento da pandemia. O banco precisa ter responsabilidade pelos seus funcion\u00e1rios e para com a sociedade. \u00c9 isso que a gente espera de um banco p\u00fablico\u201d, afirmou o coordenador da CEBB.<\/p>\n<p><strong>Fonte: Contraf-CUT<\/strong><\/p>\n","protected":false},"excerpt":{"rendered":"<p>Vence nesta quinta-feira (31) o acordo emergencial firmado entre a dire\u00e7\u00e3o do Banco do Brasil e a Comiss\u00e3o de Empresa dos Funcion\u00e1rios do Banco do Brasil (CEBB). O acordo prev\u00ea o compromisso de n\u00e3o descomissionamento por desempenho enquanto durar a pandemia; anistia de 10% do saldo total de horas negativas a compensar e prazo de [&hellip;]<\/p>\n","protected":false},"author":2,"featured_media":10198,"comment_status":"","ping_status":"","sticky":false,"template":"","format":"standard","meta":{"footnotes":""},"categories":[3],"tags":[],"class_list":["post-10199","post","type-post","status-publish","format-standard","has-post-thumbnail","hentry","category-noticias"],"_links":{"self":[{"href":"https:\/\/hostnetart.com.br\/baixada\/wp-json\/wp\/v2\/posts\/10199","targetHints":{"allow":["GET"]}}],"collection":[{"href":"https:\/\/hostnetart.com.br\/baixada\/wp-json\/wp\/v2\/posts"}],"about":[{"href":"https:\/\/hostnetart.com.br\/baixada\/wp-json\/wp\/v2\/types\/post"}],"author":[{"embeddable":true,"href":"https:\/\/hostnetart.com.br\/baixada\/wp-json\/wp\/v2\/users\/2"}],"replies":[{"embeddable":true,"href":"https:\/\/hostnetart.com.br\/baixada\/wp-json\/wp\/v2\/comments?post=10199"}],"version-history":[{"count":0,"href":"https:\/\/hostnetart.com.br\/baixada\/wp-json\/wp\/v2\/posts\/10199\/revisions"}],"wp:featuredmedia":[{"embeddable":true,"href":"https:\/\/hostnetart.com.br\/baixada\/wp-json\/wp\/v2\/media\/10198"}],"wp:attachment":[{"href":"https:\/\/hostnetart.com.br\/baixada\/wp-json\/wp\/v2\/media?parent=10199"}],"wp:term":[{"taxonomy":"category","embeddable":true,"href":"https:\/\/hostnetart.com.br\/baixada\/wp-json\/wp\/v2\/categories?post=10199"},{"taxonomy":"post_tag","embeddable":true,"href":"https:\/\/hostnetart.com.br\/baixada\/wp-json\/wp\/v2\/tags?post=10199"}],"curies":[{"name":"wp","href":"https:\/\/api.w.org\/{rel}","templated":true}]}}