{"id":10189,"date":"2020-12-24T15:42:13","date_gmt":"2020-12-24T18:42:13","guid":{"rendered":"https:\/\/hostnetart.com.br\/baixada\/os-verdadeiros-sinais-trazidos-pelo-natal\/"},"modified":"2020-12-24T15:42:13","modified_gmt":"2020-12-24T18:42:13","slug":"os-verdadeiros-sinais-trazidos-pelo-natal","status":"publish","type":"post","link":"https:\/\/hostnetart.com.br\/baixada\/os-verdadeiros-sinais-trazidos-pelo-natal\/","title":{"rendered":"Os verdadeiros sinais trazidos pelo Natal"},"content":{"rendered":"<p>Bem\u2026 \u00c9 Natal, a festa crist\u00e3!<\/p>\n<p>E \u00e9 sempre bom prestar aten\u00e7\u00e3o nos sinais semeados pelo Deus Filho, que se fez filho de Deus para viver como filho do homem\u2026<\/p>\n<p>Note e anote:<\/p>\n<p>Ele veio por\u00a0<a href=\"https:\/\/www.redebrasilatual.com.br\/cidadania\/2020\/01\/quem-segue-jesus-cristo-nao-pode-estar-do-lado-dos-que-querem-matar-e-exterminar\/\" target=\"_blank\" rel=\"noopener noreferrer\">amor aos seres humanos<\/a>, mas, preferiu nascer entre os animais\u2026<\/p>\n<p>Sua pretensa religi\u00e3o tinha templo e v\u00e1rios locais de reuni\u00e3o, mas ele foi achado na estrebaria\u2026<\/p>\n<p>Sua pretensa religi\u00e3o tinha muitos cl\u00e9rigos, mas, ele mandou chamar pobres ovelheiros empobrecidos.<\/p>\n<p>Ele foi anunciado por profetas que, depois de perseguidos ou assassinados pelos religiosos, foram aclamados pela religi\u00e3o que os matou.<\/p>\n<p>Ele veio no meio dessa religi\u00e3o, mas n\u00e3o avisou aos religiosos\u2026<\/p>\n<p>Ele ficou no meio dessa religi\u00e3o sem ser percebido pelos ministros religiosos, por quase dois anos, at\u00e9 que uns magos do oriente viram uma nova estrela no Universo, surpreendendo aquela religi\u00e3o que n\u00e3o olhava mais para o c\u00e9u!<\/p>\n<p>Os religiosos foram alertados pelo pol\u00edtico que, se passando por religioso, fingindo colaborar com a sede de adora\u00e7\u00e3o ao Deus Filho, expressa pelos magos, foi quem mandou matar a crian\u00e7a da profecia e, para atingi-la, matou toda crian\u00e7a que julgava poder ser o Filho ou a Filha de Deus!<\/p>\n<p>Esse pol\u00edtico cooptou os religiosos para se tornarem agentes da morte do Filho de Deus, e os religiosos nem perceberam\u2026 Nem mesmo quando o grito dos enlutados feriu o c\u00e9u!<\/p>\n<p>O filho de Deus sobreviveu para dar um novo come\u00e7o a quem o quiser por f\u00e9, e para demonstrar que \u00e9 poss\u00edvel, pela milit\u00e2ncia inerente ao amor, triunfar sobre a\u00a0<a href=\"https:\/\/www.sul21.com.br\/opiniaopublica\/2020\/08\/muito-alem-de-100-mil-mortos-o-projeto-de-naturalizacao-da-barbarie-por-lucas-fogaca\/\" target=\"_blank\" rel=\"noopener noreferrer\">barb\u00e1rie<\/a>\u00a0e o barbarizador!<\/p>\n<p>Que o amor militante do Cristo seja a nossa posi\u00e7\u00e3o na hist\u00f3ria! Feliz Natal!<\/p>\n<hr class=\"wp-block-separator\" \/>\n<figure class=\"wp-block-image size-large\"><img decoding=\"async\" class=\"wp-image-422748\" src=\"https:\/\/www.redebrasilatual.com.br\/wp-content\/uploads\/2020\/05\/Ariovaldo-1.jpg\" alt=\"ariovaldo ramos\" \/><\/figure>\n<p><strong>Fonte: Rede Brasil Atual<\/strong><\/p>\n","protected":false},"excerpt":{"rendered":"<p>Bem\u2026 \u00c9 Natal, a festa crist\u00e3! E \u00e9 sempre bom prestar aten\u00e7\u00e3o nos sinais semeados pelo Deus Filho, que se fez filho de Deus para viver como filho do homem\u2026 Note e anote: Ele veio por\u00a0amor aos seres humanos, mas, preferiu nascer entre os animais\u2026 Sua pretensa religi\u00e3o tinha templo e v\u00e1rios locais de reuni\u00e3o, [&hellip;]<\/p>\n","protected":false},"author":2,"featured_media":10188,"comment_status":"","ping_status":"","sticky":false,"template":"","format":"standard","meta":{"footnotes":""},"categories":[3],"tags":[],"class_list":["post-10189","post","type-post","status-publish","format-standard","has-post-thumbnail","hentry","category-noticias"],"_links":{"self":[{"href":"https:\/\/hostnetart.com.br\/baixada\/wp-json\/wp\/v2\/posts\/10189","targetHints":{"allow":["GET"]}}],"collection":[{"href":"https:\/\/hostnetart.com.br\/baixada\/wp-json\/wp\/v2\/posts"}],"about":[{"href":"https:\/\/hostnetart.com.br\/baixada\/wp-json\/wp\/v2\/types\/post"}],"author":[{"embeddable":true,"href":"https:\/\/hostnetart.com.br\/baixada\/wp-json\/wp\/v2\/users\/2"}],"replies":[{"embeddable":true,"href":"https:\/\/hostnetart.com.br\/baixada\/wp-json\/wp\/v2\/comments?post=10189"}],"version-history":[{"count":0,"href":"https:\/\/hostnetart.com.br\/baixada\/wp-json\/wp\/v2\/posts\/10189\/revisions"}],"wp:featuredmedia":[{"embeddable":true,"href":"https:\/\/hostnetart.com.br\/baixada\/wp-json\/wp\/v2\/media\/10188"}],"wp:attachment":[{"href":"https:\/\/hostnetart.com.br\/baixada\/wp-json\/wp\/v2\/media?parent=10189"}],"wp:term":[{"taxonomy":"category","embeddable":true,"href":"https:\/\/hostnetart.com.br\/baixada\/wp-json\/wp\/v2\/categories?post=10189"},{"taxonomy":"post_tag","embeddable":true,"href":"https:\/\/hostnetart.com.br\/baixada\/wp-json\/wp\/v2\/tags?post=10189"}],"curies":[{"name":"wp","href":"https:\/\/api.w.org\/{rel}","templated":true}]}}