{"id":10179,"date":"2020-12-22T14:32:54","date_gmt":"2020-12-22T17:32:54","guid":{"rendered":"https:\/\/hostnetart.com.br\/baixada\/programa-bolsa-auxilio-educacao-2021-do-itau-tem-inscricoes-abertas\/"},"modified":"2020-12-22T14:32:54","modified_gmt":"2020-12-22T17:32:54","slug":"programa-bolsa-auxilio-educacao-2021-do-itau-tem-inscricoes-abertas","status":"publish","type":"post","link":"https:\/\/hostnetart.com.br\/baixada\/programa-bolsa-auxilio-educacao-2021-do-itau-tem-inscricoes-abertas\/","title":{"rendered":"Programa Bolsa Aux\u00edlio Educa\u00e7\u00e3o 2021 do Ita\u00fa tem inscri\u00e7\u00f5es abertas"},"content":{"rendered":"<p>Mesmo com a negocia\u00e7\u00e3o sobre o valor do benef\u00edcio e a quantidade de vagas dispon\u00edveis ainda em andamento, o banco Ita\u00fa abriu as inscri\u00e7\u00f5es para o Programa Bolsa Aux\u00edlio Educa\u00e7\u00e3o 2021 para a primeira e a segunda gradua\u00e7\u00e3o e para a primeira p\u00f3s gradua\u00e7\u00e3o.<\/p>\n<p>\u201cEstamos preocupados com o calend\u00e1rio da Bolsa Aux\u00edlio, tentando n\u00e3o atrasar demais o processo de concess\u00e3o do benef\u00edcio. Por isso, apesar de estarmos negociando o valor e a quantidade, cobramos o in\u00edcio do processo de inscri\u00e7\u00f5es, o que j\u00e1 antecipa uma etapa importante\u201d, explicou Jair Alves, coordenador da Comiss\u00e3o de Organiza\u00e7\u00e3o dos Empregados (COE) do Ita\u00fa.<\/p>\n<p>A novidade deste ano \u00e9 que ser\u00e3o aceitas inscri\u00e7\u00f5es para ensino \u00e0 dist\u00e2ncia. Para realizar sua inscri\u00e7\u00e3o acesse o IU Conecta pela rota: Para mim&gt; Benef\u00edcios&gt; Bolsa Auxilio Educa\u00e7\u00e3o&gt; Inscri\u00e7\u00e3o no ranking.<\/p>\n<p>As inscri\u00e7\u00f5es podem ser feitas at\u00e9 o dia 29 de janeiro de 2021.<\/p>\n<p><strong>Fonte: Contraf-CUT<\/strong><\/p>\n","protected":false},"excerpt":{"rendered":"<p>Mesmo com a negocia\u00e7\u00e3o sobre o valor do benef\u00edcio e a quantidade de vagas dispon\u00edveis ainda em andamento, o banco Ita\u00fa abriu as inscri\u00e7\u00f5es para o Programa Bolsa Aux\u00edlio Educa\u00e7\u00e3o 2021 para a primeira e a segunda gradua\u00e7\u00e3o e para a primeira p\u00f3s gradua\u00e7\u00e3o. \u201cEstamos preocupados com o calend\u00e1rio da Bolsa Aux\u00edlio, tentando n\u00e3o atrasar [&hellip;]<\/p>\n","protected":false},"author":2,"featured_media":10178,"comment_status":"","ping_status":"","sticky":false,"template":"","format":"standard","meta":{"footnotes":""},"categories":[3],"tags":[],"class_list":["post-10179","post","type-post","status-publish","format-standard","has-post-thumbnail","hentry","category-noticias"],"_links":{"self":[{"href":"https:\/\/hostnetart.com.br\/baixada\/wp-json\/wp\/v2\/posts\/10179","targetHints":{"allow":["GET"]}}],"collection":[{"href":"https:\/\/hostnetart.com.br\/baixada\/wp-json\/wp\/v2\/posts"}],"about":[{"href":"https:\/\/hostnetart.com.br\/baixada\/wp-json\/wp\/v2\/types\/post"}],"author":[{"embeddable":true,"href":"https:\/\/hostnetart.com.br\/baixada\/wp-json\/wp\/v2\/users\/2"}],"replies":[{"embeddable":true,"href":"https:\/\/hostnetart.com.br\/baixada\/wp-json\/wp\/v2\/comments?post=10179"}],"version-history":[{"count":0,"href":"https:\/\/hostnetart.com.br\/baixada\/wp-json\/wp\/v2\/posts\/10179\/revisions"}],"wp:featuredmedia":[{"embeddable":true,"href":"https:\/\/hostnetart.com.br\/baixada\/wp-json\/wp\/v2\/media\/10178"}],"wp:attachment":[{"href":"https:\/\/hostnetart.com.br\/baixada\/wp-json\/wp\/v2\/media?parent=10179"}],"wp:term":[{"taxonomy":"category","embeddable":true,"href":"https:\/\/hostnetart.com.br\/baixada\/wp-json\/wp\/v2\/categories?post=10179"},{"taxonomy":"post_tag","embeddable":true,"href":"https:\/\/hostnetart.com.br\/baixada\/wp-json\/wp\/v2\/tags?post=10179"}],"curies":[{"name":"wp","href":"https:\/\/api.w.org\/{rel}","templated":true}]}}