{"id":10175,"date":"2020-12-22T03:04:04","date_gmt":"2020-12-22T06:04:04","guid":{"rendered":"https:\/\/hostnetart.com.br\/baixada\/agravamento-da-pandemia-faz-comando-cobrar-volta-do-teletrabalho\/"},"modified":"2020-12-22T03:04:04","modified_gmt":"2020-12-22T06:04:04","slug":"agravamento-da-pandemia-faz-comando-cobrar-volta-do-teletrabalho","status":"publish","type":"post","link":"https:\/\/hostnetart.com.br\/baixada\/agravamento-da-pandemia-faz-comando-cobrar-volta-do-teletrabalho\/","title":{"rendered":"Agravamento da pandemia faz Comando cobrar volta do teletrabalho"},"content":{"rendered":"<p>A mesa de negocia\u00e7\u00f5es entre o Comando Nacional\u00a0d@s\u00a0Banc\u00e1ri@s\u00a0e a Federa\u00e7\u00e3o Nacional dos Bancos (Fenaban) se reuniu nesta segunda-feira (21) para discutir medidas para proteger a categoria diante do agravamento da pandemia. O Comando cobrou a interrup\u00e7\u00e3o do retorno da categoria ao trabalho presencial e a volta \u00e0s medidas protetivas. Outra reivindica\u00e7\u00e3o foi que @s banc\u00e1ri@s\u00a0que trabalhem no atendimento direto ao p\u00fablico sejam\u00a0priorizad@s\u00a0para receber a vacina contra o novo coronav\u00edrus.<\/p>\n<p>\u201cFoi cobrado o retorno do pessoal ao trabalho presencial feito por alguns bancos. Um exemplo foi o Santander, que fez voltar ao trabalho 70% dos banc\u00e1rios e banc\u00e1rias dos pr\u00e9dios do Centro Administrativo. Que essas pessoas tenham a possibilidade de voltar para fazer o trabalho de casa. Se pode ter o teletrabalho, por que n\u00e3o fazer?\u201d, questionou a presidenta da Confedera\u00e7\u00e3o Nacional dos Trabalhadores do Ramo Financeiro (Contraf-CUT), Juvandia Moreira, coordenadora do Comando.<\/p>\n<p>A \u00fanica garantia que a Fenaban deu \u00e9 que a atual situa\u00e7\u00e3o permanece: quem est\u00e1 trabalhando em casa, fica em teletrabalho, quem est\u00e1 no presencial, continua. O Comando reivindicou que a Fenaban reveja a posi\u00e7\u00e3o, para que @s banc\u00e1ri@s\u00a0que voltaram ao trabalho presencial, que retomem o teletrabalho. Os representantes disseram que levar\u00e3o a proposta para discuss\u00e3o.<\/p>\n<h3><strong>Vacina<\/strong><\/h3>\n<p>\u201cEssa mesa pode orientar para os bancos voltarem com as pessoas ao teletrabalho? Os patamares de cont\u00e1gio s\u00e3o mais altos agora do que antes. Tem cidades onde a situa\u00e7\u00e3o est\u00e1 ca\u00f3tica. Tem gente morrendo esperando leito de UTI. Estamos bastante preocupados com a quest\u00e3o da vacina, porque o governo n\u00e3o tomou as medidas necess\u00e1rias. A vacina n\u00e3o pode chegar em 2022. Tem que ser j\u00e1 e para todas e todos\u201d, afirmou Juvandia.<\/p>\n<p>A presidenta da Contraf-CUT cobrou a inclus\u00e3o\u00a0d@s\u00a0banc\u00e1ri@s\u00a0na lista de prioridades da vacina. \u201cComo a categoria teve que trabalhar como atividade essencial, pedimos que a incluam na lista. Trabalhadores em atividades essenciais t\u00eam que estar nessa prioridade, como os trabalhadores da Sa\u00fade, os idosos e portadores de comorbidades. Vamos buscar a solu\u00e7\u00e3o, cobrar isso do governo \u201c, disse.<\/p>\n<p>Juvandia tamb\u00e9m lembrou que foi cobrado da Fenaban medidas e protocolos para prote\u00e7\u00e3o da categoria frente \u00e0 pandemia. \u201cPedimos para acompanhar, educar sobre o uso da m\u00e1scara, sobre o distanciamento, mas recebemos den\u00fancias de gente demitida porque n\u00e3o usava equipamento de prote\u00e7\u00e3o. N\u00e3o pedimos para demitir, mas para orientar\u201d, criticou.<\/p>\n<h3><strong>Banco de horas negativas<\/strong><\/h3>\n<p>Outro questionamento feito pelo Comando foi sobre o banco de horas negativas, pelo per\u00edodo em que @ banc\u00e1ri@\u00a0permanecer em casa, para posterior compensa\u00e7\u00e3o atrav\u00e9s de horas extras. Pelos acordos, os bancos acumulariam essas horas at\u00e9 31 de dezembro para uma compensa\u00e7\u00e3o at\u00e9 31 de dezembro de 2021. \u201cQueremos discutir a continuidade desses acordos, sen\u00e3o as pessoas que est\u00e3o em casa v\u00e3o ter que voltar a trabalhar em janeiro\u201d, ressaltou a presidenta da Contraf-CUT. Os representantes da Fenaban informaram que cada banco vai procurar as entidades sindicais para negociar. Garantiram que as horas negativas \u201cn\u00e3o ser\u00e3o usadas como artif\u00edcio para o retorno ao trabalho\u201d e que \u201ca discuss\u00e3o \u00e9 para renovar os acordos\u201d.<\/p>\n<p>A Fenaban tamb\u00e9m apresentou a preocupa\u00e7\u00e3o de a\u00e7\u00f5es e multas aplicadas pelo Procon e Minist\u00e9rio P\u00fablico para o hor\u00e1rio restrito de funcionamento das ag\u00eancias, que prejudicaria a popula\u00e7\u00e3o e estaria contribuindo para concentrar os clientes em aglomera\u00e7\u00f5es em hor\u00e1rios de atendimento mais limitados. A presidenta do Sindicato dos Banc\u00e1rios de S\u00e3o Paulo, Osasco e Regi\u00e3o, Ivone Silva, tamb\u00e9m coordenadora do Comando, lembrou que as ag\u00eancias est\u00e3o com menor n\u00famero de funcion\u00e1rios por conta das demiss\u00f5es feitas pelos bancos esse ano, em plena pandemia. \u201cA demora no atendimento aumentou muito quando come\u00e7aram as demiss\u00f5es e as ag\u00eancias foram muito afetadas\u201d, disse Ivone.<\/p>\n<p><strong>Fonte: Contraf-CUT<\/strong><\/p>\n","protected":false},"excerpt":{"rendered":"<p>A mesa de negocia\u00e7\u00f5es entre o Comando Nacional\u00a0d@s\u00a0Banc\u00e1ri@s\u00a0e a Federa\u00e7\u00e3o Nacional dos Bancos (Fenaban) se reuniu nesta segunda-feira (21) para discutir medidas para proteger a categoria diante do agravamento da pandemia. O Comando cobrou a interrup\u00e7\u00e3o do retorno da categoria ao trabalho presencial e a volta \u00e0s medidas protetivas. Outra reivindica\u00e7\u00e3o foi que @s banc\u00e1ri@s\u00a0que [&hellip;]<\/p>\n","protected":false},"author":2,"featured_media":10174,"comment_status":"","ping_status":"","sticky":false,"template":"","format":"standard","meta":{"footnotes":""},"categories":[3],"tags":[],"class_list":["post-10175","post","type-post","status-publish","format-standard","has-post-thumbnail","hentry","category-noticias"],"_links":{"self":[{"href":"https:\/\/hostnetart.com.br\/baixada\/wp-json\/wp\/v2\/posts\/10175","targetHints":{"allow":["GET"]}}],"collection":[{"href":"https:\/\/hostnetart.com.br\/baixada\/wp-json\/wp\/v2\/posts"}],"about":[{"href":"https:\/\/hostnetart.com.br\/baixada\/wp-json\/wp\/v2\/types\/post"}],"author":[{"embeddable":true,"href":"https:\/\/hostnetart.com.br\/baixada\/wp-json\/wp\/v2\/users\/2"}],"replies":[{"embeddable":true,"href":"https:\/\/hostnetart.com.br\/baixada\/wp-json\/wp\/v2\/comments?post=10175"}],"version-history":[{"count":0,"href":"https:\/\/hostnetart.com.br\/baixada\/wp-json\/wp\/v2\/posts\/10175\/revisions"}],"wp:featuredmedia":[{"embeddable":true,"href":"https:\/\/hostnetart.com.br\/baixada\/wp-json\/wp\/v2\/media\/10174"}],"wp:attachment":[{"href":"https:\/\/hostnetart.com.br\/baixada\/wp-json\/wp\/v2\/media?parent=10175"}],"wp:term":[{"taxonomy":"category","embeddable":true,"href":"https:\/\/hostnetart.com.br\/baixada\/wp-json\/wp\/v2\/categories?post=10175"},{"taxonomy":"post_tag","embeddable":true,"href":"https:\/\/hostnetart.com.br\/baixada\/wp-json\/wp\/v2\/tags?post=10175"}],"curies":[{"name":"wp","href":"https:\/\/api.w.org\/{rel}","templated":true}]}}