{"id":10173,"date":"2020-12-21T20:25:21","date_gmt":"2020-12-21T23:25:21","guid":{"rendered":"https:\/\/hostnetart.com.br\/baixada\/auxilio-emergencial-e-unica-fonte-de-renda-de-25-milhoes-de-brasileiros-aponta-datafolha\/"},"modified":"2020-12-21T20:25:21","modified_gmt":"2020-12-21T23:25:21","slug":"auxilio-emergencial-e-unica-fonte-de-renda-de-25-milhoes-de-brasileiros-aponta-datafolha","status":"publish","type":"post","link":"https:\/\/hostnetart.com.br\/baixada\/auxilio-emergencial-e-unica-fonte-de-renda-de-25-milhoes-de-brasileiros-aponta-datafolha\/","title":{"rendered":"Aux\u00edlio emergencial \u00e9 \u00fanica fonte de renda de 25 milh\u00f5es de brasileiros, aponta Datafolha"},"content":{"rendered":"<p>O Datafolha aponta que o aux\u00edlio emergencial \u00e9 \u00fanica fonte de renda para 36% das fam\u00edlias que receberam pelo menos uma parcela do benef\u00edcio neste ano. Reduzido de R$ 600 para R$ 300, ele \u00e9 respons\u00e1vel por sustentar 25 milh\u00f5es brasileiros,\u00a0<a href=\"https:\/\/www.redebrasilatual.com.br\/cidadania\/2020\/12\/auxilio-emergencial-fome-ronda-favelas\/\" target=\"_blank\" rel=\"noopener noreferrer\">mas chegar\u00e1 ao fim, em janeiro<\/a>.<\/p>\n<p>Em agosto, na \u00faltima pesquisa Datafolha sobre o assunto, 44% dos brasileiros tinham o aux\u00edlio emergencial como\u00a0<a href=\"https:\/\/www.redebrasilatual.com.br\/cidadania\/2020\/12\/com-reducao-do-auxilio-emergencial-fila-do-bolsa-familia-volta-a-1-milhao\/\" target=\"_blank\" rel=\"noopener noreferrer\">\u00fanica fonte de renda<\/a>. O novo levantamento mostra ainda que a renda familiar de 51% das casas do pa\u00eds, diminuiu.<\/p>\n<p>Outro dado que chama a aten\u00e7\u00e3o \u00e9 a influ\u00eancia do corte do aux\u00edlio na rotina das pessoas. Com apenas R$ 300, o principal efeito foi a ado\u00e7\u00e3o de a\u00e7\u00f5es para cortar gastos. Cerca de 75% da popula\u00e7\u00e3o diminuiu a compra de alimentos e outros 65% cortaram despesas com rem\u00e9dios. Al\u00e9m disso, 55% deixaram de pagar as contas da casa e 51%, pararam de pagar escola ou faculdade.<\/p>\n<p>O deputado federal Marcelo Freixo (Psol-RJ) afirma que o fim do aux\u00edlio aumentar\u00e1 a taxa de pobreza do pa\u00eds. \u201cA fome est\u00e1 batendo na porta dos brasileiros depois que Bolsonaro acabou com o aux\u00edlio emergencial, que \u00e9 a \u00fanica fonte de renda de 25 milh\u00f5es de pessoas. N\u00f3s n\u00e3o podemos abandonar essas fam\u00edlias, por isso estamos lutando na C\u00e2mara para criar a renda b\u00e1sica permanente\u201d, tuitou.<\/p>\n<h2><span style=\"text-decoration: underline;\">Aux\u00edlio emergencial em risco<\/span><\/h2>\n<p>A economista T\u00e2nia Bacelar, especialista em desigualdade social no pa\u00eds, v\u00ea com\u00a0<a href=\"https:\/\/www.redebrasilatual.com.br\/cidadania\/2020\/12\/live-direitos-humanos-auxilio-emergencial-precisa-continuar-e-irrealista-pensar-que-a-economia-vai-dar-conta\/\" target=\"_blank\" rel=\"noopener noreferrer\">apreens\u00e3o o iminente fim do benef\u00edcio<\/a>. \u201cO aux\u00edlio emergencial foi central e n\u00e3o pode desaparecer. \u00c9 irrealista pensar que a economia vai dar conta do mercado de trabalho em 2021. N\u00e3o vai dar\u201d, afirmou T\u00e2nia.<\/p>\n<p>Ela afirma ainda que esta quest\u00e3o tem de fazer parte da agenda da sociedade, pois a economia n\u00e3o vai dar conta de assegurar o bem-estar da popula\u00e7\u00e3o. \u201cA desigualdade \u00e9 abissal e est\u00e1 se aprofundando\u201d, alertou, em live no come\u00e7o deste m\u00eas.<\/p>\n<p>J\u00e1 a diretora do Fundo Monet\u00e1rio Internacional (FMI) Kristalina Georgieva afirmou, \u00e0\u00a0<em><a href=\"https:\/\/www1.folha.uol.com.br\/mercado\/2020\/12\/auxilio-emergencial-e-a-unica-renda-de-36-dos-que-receberam-o-beneficio-diz-datafolha.shtml\" target=\"_blank\" rel=\"noopener noreferrer\">Folha de S. Paulo<\/a><\/em>, que o fim prematuro do aux\u00edlio emergencial pode significar \u201cobst\u00e1culos \u00e0 recupera\u00e7\u00e3o econ\u00f4mica e aumento da desigualdade\u201d, al\u00e9m de fazer com que o Brasil alcance a marca de 24 milh\u00f5es de pessoas em situa\u00e7\u00e3o de extrema pobreza.<\/p>\n<p><strong>Fonte: Rede Brasil Atual<\/strong><\/p>\n","protected":false},"excerpt":{"rendered":"<p>O Datafolha aponta que o aux\u00edlio emergencial \u00e9 \u00fanica fonte de renda para 36% das fam\u00edlias que receberam pelo menos uma parcela do benef\u00edcio neste ano. Reduzido de R$ 600 para R$ 300, ele \u00e9 respons\u00e1vel por sustentar 25 milh\u00f5es brasileiros,\u00a0mas chegar\u00e1 ao fim, em janeiro. Em agosto, na \u00faltima pesquisa Datafolha sobre o assunto, [&hellip;]<\/p>\n","protected":false},"author":2,"featured_media":10172,"comment_status":"","ping_status":"","sticky":false,"template":"","format":"standard","meta":{"footnotes":""},"categories":[3],"tags":[],"class_list":["post-10173","post","type-post","status-publish","format-standard","has-post-thumbnail","hentry","category-noticias"],"_links":{"self":[{"href":"https:\/\/hostnetart.com.br\/baixada\/wp-json\/wp\/v2\/posts\/10173","targetHints":{"allow":["GET"]}}],"collection":[{"href":"https:\/\/hostnetart.com.br\/baixada\/wp-json\/wp\/v2\/posts"}],"about":[{"href":"https:\/\/hostnetart.com.br\/baixada\/wp-json\/wp\/v2\/types\/post"}],"author":[{"embeddable":true,"href":"https:\/\/hostnetart.com.br\/baixada\/wp-json\/wp\/v2\/users\/2"}],"replies":[{"embeddable":true,"href":"https:\/\/hostnetart.com.br\/baixada\/wp-json\/wp\/v2\/comments?post=10173"}],"version-history":[{"count":0,"href":"https:\/\/hostnetart.com.br\/baixada\/wp-json\/wp\/v2\/posts\/10173\/revisions"}],"wp:featuredmedia":[{"embeddable":true,"href":"https:\/\/hostnetart.com.br\/baixada\/wp-json\/wp\/v2\/media\/10172"}],"wp:attachment":[{"href":"https:\/\/hostnetart.com.br\/baixada\/wp-json\/wp\/v2\/media?parent=10173"}],"wp:term":[{"taxonomy":"category","embeddable":true,"href":"https:\/\/hostnetart.com.br\/baixada\/wp-json\/wp\/v2\/categories?post=10173"},{"taxonomy":"post_tag","embeddable":true,"href":"https:\/\/hostnetart.com.br\/baixada\/wp-json\/wp\/v2\/tags?post=10173"}],"curies":[{"name":"wp","href":"https:\/\/api.w.org\/{rel}","templated":true}]}}