{"id":10169,"date":"2020-12-21T20:17:04","date_gmt":"2020-12-21T23:17:04","guid":{"rendered":"https:\/\/hostnetart.com.br\/baixada\/cee-caixa-e-contra-nomeacao-do-vp-da-vilop\/"},"modified":"2020-12-21T20:17:04","modified_gmt":"2020-12-21T23:17:04","slug":"cee-caixa-e-contra-nomeacao-do-vp-da-vilop","status":"publish","type":"post","link":"https:\/\/hostnetart.com.br\/baixada\/cee-caixa-e-contra-nomeacao-do-vp-da-vilop\/","title":{"rendered":"CEE\/Caixa \u00e9 contra nomea\u00e7\u00e3o do VP da Vilop"},"content":{"rendered":"<p>A Comiss\u00e3o Executiva dos Empregados da Caixa (CEE\/ Caixa) \u00e9 veemente contra a nomea\u00e7\u00e3o do novo vice-presidente da \u00e1rea de Log\u00edstica e Opera\u00e7\u00f5es (Vilop), Messias dos Santos Esteves, realizada nesta semana.<\/p>\n<p>No ano passado, Esteves foi demitido da dire\u00e7\u00e3o de Rede do Ita\u00fa por ass\u00e9dio moral. \u201c\u00c9 um absurdo nomear um ex executivo de outro banco, punido ap\u00f3s minucioso processo de investiga\u00e7\u00e3o por utilizar seu cargo para prejudicar pessoas de sua conviv\u00eancia. Qual recado esta nomea\u00e7\u00e3o sugere para os gestores do banco? Pedro Guimar\u00e3es est\u00e1 refor\u00e7ando a pol\u00edtica de ass\u00e9dio moral? E \u00e9 este o modelo de meritocracia defendido pelo banco?\u201d, questionou Fabiana Uehara Proscholdt, coordenadora da CEE\/ Caixa e secret\u00e1ria da Cultura da Confedera\u00e7\u00e3o Nacional dos Trabalhadores do Ramo Financeiro (Contraf-CUT).<\/p>\n<p>\u201cN\u00e3o podemos deixar de apontar tamb\u00e9m o fato escolherem algu\u00e9m do mercado, o que mais uma vez aponta a clara inten\u00e7\u00e3o de privatizar a Caixa. Nossa defesa \u00e9 e sempre ser\u00e1 pela Caixa 100% P\u00fablica\u201d, finalizou Fabiana.<\/p>\n<p><strong>Fonte: Contraf-CUT<\/strong><\/p>\n","protected":false},"excerpt":{"rendered":"<p>A Comiss\u00e3o Executiva dos Empregados da Caixa (CEE\/ Caixa) \u00e9 veemente contra a nomea\u00e7\u00e3o do novo vice-presidente da \u00e1rea de Log\u00edstica e Opera\u00e7\u00f5es (Vilop), Messias dos Santos Esteves, realizada nesta semana. No ano passado, Esteves foi demitido da dire\u00e7\u00e3o de Rede do Ita\u00fa por ass\u00e9dio moral. \u201c\u00c9 um absurdo nomear um ex executivo de outro [&hellip;]<\/p>\n","protected":false},"author":2,"featured_media":10168,"comment_status":"","ping_status":"","sticky":false,"template":"","format":"standard","meta":{"footnotes":""},"categories":[3],"tags":[],"class_list":["post-10169","post","type-post","status-publish","format-standard","has-post-thumbnail","hentry","category-noticias"],"_links":{"self":[{"href":"https:\/\/hostnetart.com.br\/baixada\/wp-json\/wp\/v2\/posts\/10169","targetHints":{"allow":["GET"]}}],"collection":[{"href":"https:\/\/hostnetart.com.br\/baixada\/wp-json\/wp\/v2\/posts"}],"about":[{"href":"https:\/\/hostnetart.com.br\/baixada\/wp-json\/wp\/v2\/types\/post"}],"author":[{"embeddable":true,"href":"https:\/\/hostnetart.com.br\/baixada\/wp-json\/wp\/v2\/users\/2"}],"replies":[{"embeddable":true,"href":"https:\/\/hostnetart.com.br\/baixada\/wp-json\/wp\/v2\/comments?post=10169"}],"version-history":[{"count":0,"href":"https:\/\/hostnetart.com.br\/baixada\/wp-json\/wp\/v2\/posts\/10169\/revisions"}],"wp:featuredmedia":[{"embeddable":true,"href":"https:\/\/hostnetart.com.br\/baixada\/wp-json\/wp\/v2\/media\/10168"}],"wp:attachment":[{"href":"https:\/\/hostnetart.com.br\/baixada\/wp-json\/wp\/v2\/media?parent=10169"}],"wp:term":[{"taxonomy":"category","embeddable":true,"href":"https:\/\/hostnetart.com.br\/baixada\/wp-json\/wp\/v2\/categories?post=10169"},{"taxonomy":"post_tag","embeddable":true,"href":"https:\/\/hostnetart.com.br\/baixada\/wp-json\/wp\/v2\/tags?post=10169"}],"curies":[{"name":"wp","href":"https:\/\/api.w.org\/{rel}","templated":true}]}}