{"id":10167,"date":"2020-12-18T14:56:04","date_gmt":"2020-12-18T17:56:04","guid":{"rendered":"https:\/\/hostnetart.com.br\/baixada\/santander-e-bradesco-tem-funcionarios-reintegrados-pelo-sindicato-dos-bancarios-da-baixada-fluminense\/"},"modified":"2020-12-18T14:56:04","modified_gmt":"2020-12-18T17:56:04","slug":"santander-e-bradesco-tem-funcionarios-reintegrados-pelo-sindicato-dos-bancarios-da-baixada-fluminense","status":"publish","type":"post","link":"https:\/\/hostnetart.com.br\/baixada\/santander-e-bradesco-tem-funcionarios-reintegrados-pelo-sindicato-dos-bancarios-da-baixada-fluminense\/","title":{"rendered":"Santander e Bradesco tem funcion\u00e1rios reintegrados pelo Sindicato dos Banc\u00e1rios da Baixada Fluminense"},"content":{"rendered":"<div class=\"kvgmc6g5 cxmmr5t8 oygrvhab hcukyx3x c1et5uql ii04i59q\">\u00a0<\/div>\n<div class=\"o9v6fnle cxmmr5t8 oygrvhab hcukyx3x c1et5uql ii04i59q\">\n<div dir=\"auto\">Nesta sexta-feira (18\/12), o Sindicato dos Banc\u00e1rios da Baixada Fluminense, atrav\u00e9s\u00a0de seus Departamentos Jur\u00eddico e de Sa\u00fade, reintegrou mais dois banc\u00e1rios: um do Banco Santander e outro do Banco Bradesco.\u00a0<\/div>\n<div dir=\"auto\">\u00a0<\/div>\n<div dir=\"auto\">Os banc\u00e1rios\u00a0Felisberto Silva Neto, Bradesco (Ag\u00eancia Piabet\u00e1) e\u00a0Marcus Vinicius Rippel, Santander (Ag\u00eancia Piabet\u00e1), foram reintegrados ap\u00f3s decis\u00e3o da 1a Vara do Trabalho de Mag\u00e9.<\/div>\n<div dir=\"auto\">\u00a0<\/div>\n<div dir=\"auto\">\u00a0<\/div>\n<div dir=\"auto\">S\u00e3o vit\u00f3rias de um Sindicato comprometido com a categoria banc\u00e1ria.\u00a0\u00a0<\/div>\n<div dir=\"auto\">\u00a0<\/div>\n<div dir=\"auto\">\u00a0<\/div>\n<\/div>\n<div class=\"o9v6fnle cxmmr5t8 oygrvhab hcukyx3x c1et5uql ii04i59q\">\n<div dir=\"auto\"><span style=\"text-decoration: underline;\">IMPORTANTE<\/span><\/div>\n<div dir=\"auto\">\u00a0<\/div>\n<\/div>\n<div class=\"o9v6fnle cxmmr5t8 oygrvhab hcukyx3x c1et5uql ii04i59q\">\n<div dir=\"auto\">Em caso de demiss\u00e3o, a orienta\u00e7\u00e3o \u00e9 para que o banc\u00e1rio ou banc\u00e1ria entre em contato imediatamente com o Sindicato.<\/div>\n<div dir=\"auto\">\u00a0<\/div>\n<\/div>\n<div class=\"o9v6fnle cxmmr5t8 oygrvhab hcukyx3x c1et5uql ii04i59q\">\n<div dir=\"auto\">SINDICALIZE-SE<\/div>\n<div dir=\"auto\">\u00a0<\/div>\n<div dir=\"auto\">\u00a0<\/div>\n<\/div>\n<div class=\"o9v6fnle cxmmr5t8 oygrvhab hcukyx3x c1et5uql ii04i59q\">\u00a0<\/div>\n","protected":false},"excerpt":{"rendered":"<p>\u00a0 Nesta sexta-feira (18\/12), o Sindicato dos Banc\u00e1rios da Baixada Fluminense, atrav\u00e9s\u00a0de seus Departamentos Jur\u00eddico e de Sa\u00fade, reintegrou mais dois banc\u00e1rios: um do Banco Santander e outro do Banco Bradesco.\u00a0 \u00a0 Os banc\u00e1rios\u00a0Felisberto Silva Neto, Bradesco (Ag\u00eancia Piabet\u00e1) e\u00a0Marcus Vinicius Rippel, Santander (Ag\u00eancia Piabet\u00e1), foram reintegrados ap\u00f3s decis\u00e3o da 1a Vara do Trabalho de [&hellip;]<\/p>\n","protected":false},"author":2,"featured_media":10166,"comment_status":"","ping_status":"","sticky":false,"template":"","format":"standard","meta":{"footnotes":""},"categories":[3],"tags":[],"class_list":["post-10167","post","type-post","status-publish","format-standard","has-post-thumbnail","hentry","category-noticias"],"_links":{"self":[{"href":"https:\/\/hostnetart.com.br\/baixada\/wp-json\/wp\/v2\/posts\/10167","targetHints":{"allow":["GET"]}}],"collection":[{"href":"https:\/\/hostnetart.com.br\/baixada\/wp-json\/wp\/v2\/posts"}],"about":[{"href":"https:\/\/hostnetart.com.br\/baixada\/wp-json\/wp\/v2\/types\/post"}],"author":[{"embeddable":true,"href":"https:\/\/hostnetart.com.br\/baixada\/wp-json\/wp\/v2\/users\/2"}],"replies":[{"embeddable":true,"href":"https:\/\/hostnetart.com.br\/baixada\/wp-json\/wp\/v2\/comments?post=10167"}],"version-history":[{"count":0,"href":"https:\/\/hostnetart.com.br\/baixada\/wp-json\/wp\/v2\/posts\/10167\/revisions"}],"wp:featuredmedia":[{"embeddable":true,"href":"https:\/\/hostnetart.com.br\/baixada\/wp-json\/wp\/v2\/media\/10166"}],"wp:attachment":[{"href":"https:\/\/hostnetart.com.br\/baixada\/wp-json\/wp\/v2\/media?parent=10167"}],"wp:term":[{"taxonomy":"category","embeddable":true,"href":"https:\/\/hostnetart.com.br\/baixada\/wp-json\/wp\/v2\/categories?post=10167"},{"taxonomy":"post_tag","embeddable":true,"href":"https:\/\/hostnetart.com.br\/baixada\/wp-json\/wp\/v2\/tags?post=10167"}],"curies":[{"name":"wp","href":"https:\/\/api.w.org\/{rel}","templated":true}]}}