{"id":10165,"date":"2020-12-18T14:53:55","date_gmt":"2020-12-18T17:53:55","guid":{"rendered":"https:\/\/hostnetart.com.br\/baixada\/hoje-tem-tuitaco-contra-demissoes\/"},"modified":"2020-12-18T14:53:55","modified_gmt":"2020-12-18T17:53:55","slug":"hoje-tem-tuitaco-contra-demissoes","status":"publish","type":"post","link":"https:\/\/hostnetart.com.br\/baixada\/hoje-tem-tuitaco-contra-demissoes\/","title":{"rendered":"Hoje tem tuita\u00e7o contra demiss\u00f5es"},"content":{"rendered":"<div class=\"elementor-element elementor-element-194680ec elementor-widget elementor-widget-theme-post-content\" data-id=\"194680ec\" data-element_type=\"widget\" data-widget_type=\"theme-post-content.default\">\n<div class=\"elementor-widget-container\">\n<p>Hoje, sexta-feira, 18 de dezembro, vai ter um novo tuita\u00e7o contra as demiss\u00f5es realizadas pelos bancos. Ser\u00e1 \u00e0s 11h, com a hashtag #QuemLucraN\u00e3oDemite. A mobiliza\u00e7\u00e3o em defesa do emprego faz parte da campanha organizada pela Confedera\u00e7\u00e3o Nacional dos Trabalhadores do Ramo Financeiro (Contraf-CUT) e pelos sindicados dos banc\u00e1rios.<\/p>\n<p>Os bancos desrespeitaram um acordo firmado no come\u00e7o do ano de n\u00e3o demitirem durante a pandemia. S\u00f3 que a pandemia continua e j\u00e1 matou quase 200 mil brasileiros e brasileiras. Sempre \u00e9 bom lembrar que, em 2020, os tr\u00eas maiores bancos privados j\u00e1 demitiram mais de 12 mil banc\u00e1rios e banc\u00e1rios, pais e m\u00e3es de fam\u00edlia, que ficaram sem emprego em meio a uma crise econ\u00f4mica e sanit\u00e1ria. No mesmo per\u00edodo, os tr\u00eas grandes, Bradesco, Ita\u00fa e Santander, os campe\u00f5es das demiss\u00f5es, lucraram juntos R$ 35,7 bilh\u00f5es, rendimento que nenhum setor da economia registrou.<\/p>\n<p>O tuita\u00e7o \u00e9 uma forma de se contrapor a quem lucra e demite, sem se importar com a crise social causada pelo desemprego. Por isso, participe e divulgue esse protesto para amigos e familiares. Lembre-se, \u00e0s 11h, divulgue a hashtag #QuemLucraN\u00e3oDemite.<\/p>\n<\/div>\n<\/div>\n<div class=\"elementor-element elementor-element-76b46e1 elementor-widget elementor-widget-post-info\" data-id=\"76b46e1\" data-element_type=\"widget\" data-widget_type=\"post-info.default\">\u00a0<\/div>\n<div class=\"elementor-element elementor-element-76b46e1 elementor-widget elementor-widget-post-info\" data-id=\"76b46e1\" data-element_type=\"widget\" data-widget_type=\"post-info.default\"><strong>Fonte: Contraf-CUT<\/strong><\/div>\n","protected":false},"excerpt":{"rendered":"<p>Hoje, sexta-feira, 18 de dezembro, vai ter um novo tuita\u00e7o contra as demiss\u00f5es realizadas pelos bancos. Ser\u00e1 \u00e0s 11h, com a hashtag #QuemLucraN\u00e3oDemite. A mobiliza\u00e7\u00e3o em defesa do emprego faz parte da campanha organizada pela Confedera\u00e7\u00e3o Nacional dos Trabalhadores do Ramo Financeiro (Contraf-CUT) e pelos sindicados dos banc\u00e1rios. Os bancos desrespeitaram um acordo firmado no [&hellip;]<\/p>\n","protected":false},"author":2,"featured_media":10164,"comment_status":"","ping_status":"","sticky":false,"template":"","format":"standard","meta":{"footnotes":""},"categories":[3],"tags":[],"class_list":["post-10165","post","type-post","status-publish","format-standard","has-post-thumbnail","hentry","category-noticias"],"_links":{"self":[{"href":"https:\/\/hostnetart.com.br\/baixada\/wp-json\/wp\/v2\/posts\/10165","targetHints":{"allow":["GET"]}}],"collection":[{"href":"https:\/\/hostnetart.com.br\/baixada\/wp-json\/wp\/v2\/posts"}],"about":[{"href":"https:\/\/hostnetart.com.br\/baixada\/wp-json\/wp\/v2\/types\/post"}],"author":[{"embeddable":true,"href":"https:\/\/hostnetart.com.br\/baixada\/wp-json\/wp\/v2\/users\/2"}],"replies":[{"embeddable":true,"href":"https:\/\/hostnetart.com.br\/baixada\/wp-json\/wp\/v2\/comments?post=10165"}],"version-history":[{"count":0,"href":"https:\/\/hostnetart.com.br\/baixada\/wp-json\/wp\/v2\/posts\/10165\/revisions"}],"wp:featuredmedia":[{"embeddable":true,"href":"https:\/\/hostnetart.com.br\/baixada\/wp-json\/wp\/v2\/media\/10164"}],"wp:attachment":[{"href":"https:\/\/hostnetart.com.br\/baixada\/wp-json\/wp\/v2\/media?parent=10165"}],"wp:term":[{"taxonomy":"category","embeddable":true,"href":"https:\/\/hostnetart.com.br\/baixada\/wp-json\/wp\/v2\/categories?post=10165"},{"taxonomy":"post_tag","embeddable":true,"href":"https:\/\/hostnetart.com.br\/baixada\/wp-json\/wp\/v2\/tags?post=10165"}],"curies":[{"name":"wp","href":"https:\/\/api.w.org\/{rel}","templated":true}]}}