{"id":10163,"date":"2020-12-17T17:27:17","date_gmt":"2020-12-17T20:27:17","guid":{"rendered":"https:\/\/hostnetart.com.br\/baixada\/bancario-do-bradesco-e-reintegrado-pelo-sindicato-dos-bancarios-da-baixada-fluminense\/"},"modified":"2020-12-17T17:27:17","modified_gmt":"2020-12-17T20:27:17","slug":"bancario-do-bradesco-e-reintegrado-pelo-sindicato-dos-bancarios-da-baixada-fluminense","status":"publish","type":"post","link":"https:\/\/hostnetart.com.br\/baixada\/bancario-do-bradesco-e-reintegrado-pelo-sindicato-dos-bancarios-da-baixada-fluminense\/","title":{"rendered":"Banc\u00e1rio do Bradesco \u00e9 reintegrado pelo Sindicato dos Banc\u00e1rios da Baixada Fluminense"},"content":{"rendered":"<p>Mais uma vez, o Sindicato dos Banc\u00e1rios da Baixada Fluminense, atrav\u00e9s de seus departamentos jur\u00eddico e de sa\u00fade, mostrou sua for\u00e7a e compet\u00eancia, e reintegrou mais um banc\u00e1rio do Banco Bradesco.<\/p>\n<p>A reintegra\u00e7\u00e3o ocorreu nesta quinta-feira, dia 17 de dezembro, ap\u00f3s decis\u00e3o proferida pela Ju\u00edza da 1a Vara do Trabalho de Duque de Caxias.<\/p>\n<p><strong>Entenda:<\/strong><\/p>\n<p>Os bancos vem contrariando um compromisso firmado com a categoria banc\u00e1ria de n\u00e3o demitir durante a pandemia.<br \/>Jo\u00e3o Marcos Perisse de Souza, banc\u00e1rio do Bradesco (ag\u00eancia Santa Cruz da Serra &#8211; Duque de Caxias), foi demitido sem raz\u00e3o aparente.<br \/>Ap\u00f3s procurar atendimento no Sindicato, em pouco teve sua demiss\u00e3o revertida.<br \/>Fruto de um trabalho eficiente e comprometido com a categoria banc\u00e1ria.<\/p>\n<p><span style=\"text-decoration: underline;\">IMPORTANTE<\/span><\/p>\n<p>Em caso de demiss\u00e3o, a orienta\u00e7\u00e3o \u00e9 para que o banc\u00e1rio ou banc\u00e1ria entre em contato imediatamente com o Sindicato.<\/p>\n<p><span style=\"text-decoration: underline;\"><strong>SINDICALIZE-SE<\/strong><\/span><\/p>\n","protected":false},"excerpt":{"rendered":"<p>Mais uma vez, o Sindicato dos Banc\u00e1rios da Baixada Fluminense, atrav\u00e9s de seus departamentos jur\u00eddico e de sa\u00fade, mostrou sua for\u00e7a e compet\u00eancia, e reintegrou mais um banc\u00e1rio do Banco Bradesco. A reintegra\u00e7\u00e3o ocorreu nesta quinta-feira, dia 17 de dezembro, ap\u00f3s decis\u00e3o proferida pela Ju\u00edza da 1a Vara do Trabalho de Duque de Caxias. Entenda: [&hellip;]<\/p>\n","protected":false},"author":2,"featured_media":10162,"comment_status":"","ping_status":"","sticky":false,"template":"","format":"standard","meta":{"footnotes":""},"categories":[3],"tags":[],"class_list":["post-10163","post","type-post","status-publish","format-standard","has-post-thumbnail","hentry","category-noticias"],"_links":{"self":[{"href":"https:\/\/hostnetart.com.br\/baixada\/wp-json\/wp\/v2\/posts\/10163","targetHints":{"allow":["GET"]}}],"collection":[{"href":"https:\/\/hostnetart.com.br\/baixada\/wp-json\/wp\/v2\/posts"}],"about":[{"href":"https:\/\/hostnetart.com.br\/baixada\/wp-json\/wp\/v2\/types\/post"}],"author":[{"embeddable":true,"href":"https:\/\/hostnetart.com.br\/baixada\/wp-json\/wp\/v2\/users\/2"}],"replies":[{"embeddable":true,"href":"https:\/\/hostnetart.com.br\/baixada\/wp-json\/wp\/v2\/comments?post=10163"}],"version-history":[{"count":0,"href":"https:\/\/hostnetart.com.br\/baixada\/wp-json\/wp\/v2\/posts\/10163\/revisions"}],"wp:featuredmedia":[{"embeddable":true,"href":"https:\/\/hostnetart.com.br\/baixada\/wp-json\/wp\/v2\/media\/10162"}],"wp:attachment":[{"href":"https:\/\/hostnetart.com.br\/baixada\/wp-json\/wp\/v2\/media?parent=10163"}],"wp:term":[{"taxonomy":"category","embeddable":true,"href":"https:\/\/hostnetart.com.br\/baixada\/wp-json\/wp\/v2\/categories?post=10163"},{"taxonomy":"post_tag","embeddable":true,"href":"https:\/\/hostnetart.com.br\/baixada\/wp-json\/wp\/v2\/tags?post=10163"}],"curies":[{"name":"wp","href":"https:\/\/api.w.org\/{rel}","templated":true}]}}