{"id":10159,"date":"2020-12-17T12:30:42","date_gmt":"2020-12-17T15:30:42","guid":{"rendered":"https:\/\/hostnetart.com.br\/baixada\/seguranca-nas-agencias-de-negocios-foi-tema-de-negociacao\/"},"modified":"2020-12-17T12:30:42","modified_gmt":"2020-12-17T15:30:42","slug":"seguranca-nas-agencias-de-negocios-foi-tema-de-negociacao","status":"publish","type":"post","link":"https:\/\/hostnetart.com.br\/baixada\/seguranca-nas-agencias-de-negocios-foi-tema-de-negociacao\/","title":{"rendered":"Seguran\u00e7a nas ag\u00eancias de neg\u00f3cios foi tema de negocia\u00e7\u00e3o"},"content":{"rendered":"<p>A representa\u00e7\u00e3o da categoria banc\u00e1ria e da Federa\u00e7\u00e3o Nacional dos Bancos (Fenaban) se reuniram nesta ter\u00e7a-feira (15) para tratar da quest\u00e3o da seguran\u00e7a banc\u00e1ria. Os trabalhadores apresentaram como maior preocupa\u00e7\u00e3o a quest\u00e3o das ag\u00eancias de neg\u00f3cios dos bancos, que continuam a operar sem porta de seguran\u00e7a ou vigilantes, colocando em risco a vida dos funcion\u00e1rios e dos clientes.<\/p>\n<p>Os bancos alegam que nestas unidades n\u00e3o se opera com dinheiro e, por isso, n\u00e3o existem riscos. No entanto, estas ag\u00eancias operam com caixa eletr\u00f4nico no sagu\u00e3o de entrada, que s\u00e3o abastecidos por empresas terceirizadas.<\/p>\n<p>\u201cA Fenaban n\u00e3o nos respondeu positivamente a nossa demanda neste assunto e demonstrou insatisfa\u00e7\u00e3o com as leis municipais e estaduais que, segundo eles, criam dificuldade operacionais a este modelo de ag\u00eancia. Nos propuseram a cria\u00e7\u00e3o, em conjunto, de uma reda\u00e7\u00e3o nacional padr\u00e3o para ser levado \u00e0s c\u00e2maras municipais. Esse \u00e9 um debate caro para n\u00f3s pois muitas vezes uma lei municipal ou estadual \u00e9 tudo que a entidade tem para garantir a seguran\u00e7a dos banc\u00e1rios e da popula\u00e7\u00e3o, mas estamos dispostos a ouvir, dialogar e esgotar este assunto em mesa de negocia\u00e7\u00e3o\u201d, disse Elias Jord\u00e3o, coordenador do Coletivo Nacional de Seguran\u00e7a Banc\u00e1ria da Confedera\u00e7\u00e3o Nacional dos Trabalhadores do Ramo Financeiro (Contraf-CUT).<\/p>\n<p>Nova reuni\u00e3o ser\u00e1 realizada nos pr\u00f3ximos dias para que a Fenaban apresente sua proposta para a avalia\u00e7\u00e3o e discuss\u00e3o no Coletivo de Seguran\u00e7a Banc\u00e1ria da Contraf-CUT e do Comando Nacional dos Banc\u00e1rios.<\/p>\n<p><strong>Fonte: Contraf-CUT<\/strong><\/p>\n","protected":false},"excerpt":{"rendered":"<p>A representa\u00e7\u00e3o da categoria banc\u00e1ria e da Federa\u00e7\u00e3o Nacional dos Bancos (Fenaban) se reuniram nesta ter\u00e7a-feira (15) para tratar da quest\u00e3o da seguran\u00e7a banc\u00e1ria. Os trabalhadores apresentaram como maior preocupa\u00e7\u00e3o a quest\u00e3o das ag\u00eancias de neg\u00f3cios dos bancos, que continuam a operar sem porta de seguran\u00e7a ou vigilantes, colocando em risco a vida dos funcion\u00e1rios [&hellip;]<\/p>\n","protected":false},"author":2,"featured_media":10158,"comment_status":"","ping_status":"","sticky":false,"template":"","format":"standard","meta":{"footnotes":""},"categories":[3],"tags":[],"class_list":["post-10159","post","type-post","status-publish","format-standard","has-post-thumbnail","hentry","category-noticias"],"_links":{"self":[{"href":"https:\/\/hostnetart.com.br\/baixada\/wp-json\/wp\/v2\/posts\/10159","targetHints":{"allow":["GET"]}}],"collection":[{"href":"https:\/\/hostnetart.com.br\/baixada\/wp-json\/wp\/v2\/posts"}],"about":[{"href":"https:\/\/hostnetart.com.br\/baixada\/wp-json\/wp\/v2\/types\/post"}],"author":[{"embeddable":true,"href":"https:\/\/hostnetart.com.br\/baixada\/wp-json\/wp\/v2\/users\/2"}],"replies":[{"embeddable":true,"href":"https:\/\/hostnetart.com.br\/baixada\/wp-json\/wp\/v2\/comments?post=10159"}],"version-history":[{"count":0,"href":"https:\/\/hostnetart.com.br\/baixada\/wp-json\/wp\/v2\/posts\/10159\/revisions"}],"wp:featuredmedia":[{"embeddable":true,"href":"https:\/\/hostnetart.com.br\/baixada\/wp-json\/wp\/v2\/media\/10158"}],"wp:attachment":[{"href":"https:\/\/hostnetart.com.br\/baixada\/wp-json\/wp\/v2\/media?parent=10159"}],"wp:term":[{"taxonomy":"category","embeddable":true,"href":"https:\/\/hostnetart.com.br\/baixada\/wp-json\/wp\/v2\/categories?post=10159"},{"taxonomy":"post_tag","embeddable":true,"href":"https:\/\/hostnetart.com.br\/baixada\/wp-json\/wp\/v2\/tags?post=10159"}],"curies":[{"name":"wp","href":"https:\/\/api.w.org\/{rel}","templated":true}]}}