{"id":10155,"date":"2020-12-16T16:23:02","date_gmt":"2020-12-16T19:23:02","guid":{"rendered":"https:\/\/hostnetart.com.br\/baixada\/guedes-mantem-proposta-de-salario-minimo-sem-aumento-real-para-2021\/"},"modified":"2020-12-16T16:23:02","modified_gmt":"2020-12-16T19:23:02","slug":"guedes-mantem-proposta-de-salario-minimo-sem-aumento-real-para-2021","status":"publish","type":"post","link":"https:\/\/hostnetart.com.br\/baixada\/guedes-mantem-proposta-de-salario-minimo-sem-aumento-real-para-2021\/","title":{"rendered":"Guedes mant\u00e9m proposta de sal\u00e1rio m\u00ednimo sem aumento real para 2021"},"content":{"rendered":"<p>O governo de Jair Bolsonaro prop\u00f4s ao Congresso Nacional fixar o sal\u00e1rio m\u00ednimo de 2021 em R$ 1.088, conforme previs\u00e3o do projeto de Lei de Diretrizes Or\u00e7ament\u00e1rias (LDO), encaminhada nesta ter\u00e7a-feira (15) ao Congresso. O reajuste, de 4,11%, considera somente a proje\u00e7\u00e3o do Minist\u00e9rio da Economia para o \u00cdndice Nacional de Pre\u00e7os ao Consumidor (INPC) de 2020 e n\u00e3o traz nenhum aumento real na compara\u00e7\u00e3o com o piso atual, de 1.045 reais.<\/p>\n<p>O valor \u00e9 R$ 21 maior que o proposto em agosto, quando o Minist\u00e9rio da Economia divulgou a proposta or\u00e7ament\u00e1ria para o ano que vem. O aumento se deve \u00e0 revis\u00e3o da proje\u00e7\u00e3o para a infla\u00e7\u00e3o medida pelo INPC.<\/p>\n<p>Entre 2011 e 2019, vigorou o reajuste real do piso, ou seja, sempre acima da infla\u00e7\u00e3o. O aumento era calculado pela infla\u00e7\u00e3o do ano anterior mais o resultado do Produto Interno Bruto (PIB) de dois anos antes. A pol\u00edtica de valoriza\u00e7\u00e3o do sal\u00e1rio institu\u00edda pelos governos Lula e Dilma, em acordo com amplos setores da sociedade, foi extinta no ano passado pelo governo de Jair Bolsonaro.<\/p>\n<div id=\"redeb-258810207\" class=\"redeb-content-placement-after-3rd-paragraph\">De acordo com o Dieese (<a href=\"http:\/\/dieese.org.br\/\" target=\"_blank\" rel=\"noopener noreferrer\">Departamento Intersindical de Estat\u00edstica e Estudos Socioecon\u00f4micos<\/a>), o sal\u00e1rio m\u00ednimo serve de\u00a0<a href=\"https:\/\/www.redebrasilatual.com.br\/economia\/2020\/05\/cesta-basica-subiu-728-em-sao-paulo-salario-minimo-deveria-ser-de-r-4-67306-de-acordo-com-o-dieese\/\" target=\"_blank\" rel=\"noopener noreferrer\">refer\u00eancia para 49 milh\u00f5es de trabalhadores<\/a>\u00a0no Brasil.<\/div>\n<p>Apesar da proposta, o valor do piso para 2021 s\u00f3 deve ser confirmado em janeiro, quando os dados da infla\u00e7\u00e3o de 2020 estar\u00e3o consolidados.<\/p>\n<h2>Meta fiscal<\/h2>\n<p>O Congresso marcou para esta quarta-feira (16) uma sess\u00e3o para votar a lei. No projeto da LDO, o governo tamb\u00e9m prop\u00f5e uma meta fiscal com rombo de at\u00e9 247 bilh\u00f5es de reais em 2021.<\/p>\n<p>Na primeira proposta para a LDO, enviada ao Congresso no in\u00edcio da pandemia do novo coronav\u00edrus, o governo prop\u00f4s uma meta flex\u00edvel e vari\u00e1vel de d\u00e9ficit prim\u00e1rio para o ano que vem. Em outubro, por\u00e9m, o Tribunal de Contas da Uni\u00e3o (TCU) alertou a gest\u00e3o Bolsonaro quanto \u00e0 aus\u00eancia de uma meta fixa.<\/p>\n<p>No \u00faltimo dia 3, o presidente da C\u00e2mara dos Deputados, Rodrigo Maia (DEM-RJ), tamb\u00e9m criticou o governo pela ideia apresentada em abril. \u201cO que est\u00e1 me deixando impressionado \u00e9 essa coisa de meta flex\u00edvel que o Paulo Guedes est\u00e1 inventando\u201d, declarou Maia.<\/p>\n<p>\u201cA meta de prim\u00e1rio definida em valor nominal sempre foi a op\u00e7\u00e3o adequada, por\u00e9m, em abril, n\u00e3o foi poss\u00edvel adot\u00e1-la pelas raz\u00f5es j\u00e1 expostas. Neste momento, no entanto, o cen\u00e1rio para 2021 est\u00e1 mais previs\u00edvel e permite retorno \u00e0 pr\u00e1tica tradicional da meta nominal fixa\u201d, diz o novo texto do governo sobre a meta fiscal para 2021.<\/p>\n<p class=\"has-small-font-size\"><strong>Fonte: Rede Brasil Atual Com\u00a0<em>Carta Capital<\/em><\/strong><\/p>\n","protected":false},"excerpt":{"rendered":"<p>O governo de Jair Bolsonaro prop\u00f4s ao Congresso Nacional fixar o sal\u00e1rio m\u00ednimo de 2021 em R$ 1.088, conforme previs\u00e3o do projeto de Lei de Diretrizes Or\u00e7ament\u00e1rias (LDO), encaminhada nesta ter\u00e7a-feira (15) ao Congresso. O reajuste, de 4,11%, considera somente a proje\u00e7\u00e3o do Minist\u00e9rio da Economia para o \u00cdndice Nacional de Pre\u00e7os ao Consumidor (INPC) [&hellip;]<\/p>\n","protected":false},"author":2,"featured_media":10154,"comment_status":"","ping_status":"","sticky":false,"template":"","format":"standard","meta":{"footnotes":""},"categories":[3],"tags":[],"class_list":["post-10155","post","type-post","status-publish","format-standard","has-post-thumbnail","hentry","category-noticias"],"_links":{"self":[{"href":"https:\/\/hostnetart.com.br\/baixada\/wp-json\/wp\/v2\/posts\/10155","targetHints":{"allow":["GET"]}}],"collection":[{"href":"https:\/\/hostnetart.com.br\/baixada\/wp-json\/wp\/v2\/posts"}],"about":[{"href":"https:\/\/hostnetart.com.br\/baixada\/wp-json\/wp\/v2\/types\/post"}],"author":[{"embeddable":true,"href":"https:\/\/hostnetart.com.br\/baixada\/wp-json\/wp\/v2\/users\/2"}],"replies":[{"embeddable":true,"href":"https:\/\/hostnetart.com.br\/baixada\/wp-json\/wp\/v2\/comments?post=10155"}],"version-history":[{"count":0,"href":"https:\/\/hostnetart.com.br\/baixada\/wp-json\/wp\/v2\/posts\/10155\/revisions"}],"wp:featuredmedia":[{"embeddable":true,"href":"https:\/\/hostnetart.com.br\/baixada\/wp-json\/wp\/v2\/media\/10154"}],"wp:attachment":[{"href":"https:\/\/hostnetart.com.br\/baixada\/wp-json\/wp\/v2\/media?parent=10155"}],"wp:term":[{"taxonomy":"category","embeddable":true,"href":"https:\/\/hostnetart.com.br\/baixada\/wp-json\/wp\/v2\/categories?post=10155"},{"taxonomy":"post_tag","embeddable":true,"href":"https:\/\/hostnetart.com.br\/baixada\/wp-json\/wp\/v2\/tags?post=10155"}],"curies":[{"name":"wp","href":"https:\/\/api.w.org\/{rel}","templated":true}]}}