{"id":10153,"date":"2020-12-16T16:22:12","date_gmt":"2020-12-16T19:22:12","guid":{"rendered":"https:\/\/hostnetart.com.br\/baixada\/live-vai-fazer-balanco-de-2020\/"},"modified":"2020-12-16T16:22:12","modified_gmt":"2020-12-16T19:22:12","slug":"live-vai-fazer-balanco-de-2020","status":"publish","type":"post","link":"https:\/\/hostnetart.com.br\/baixada\/live-vai-fazer-balanco-de-2020\/","title":{"rendered":"Live vai fazer balan\u00e7o de 2020"},"content":{"rendered":"<p>Um ano para ficar na hist\u00f3ria, 2020 ser\u00e1 avaliado nesta quarta-feira (16) pela presidenta da Confedera\u00e7\u00e3o Nacional dos Trabalhadores do Ramo Financeiro (Contraf-CUT), Juvandia Moreira, em live no YouTube, pelo canal \u201cNo Cora\u00e7\u00e3o da Tormenta\u201d. A live come\u00e7a \u00e0s 18h, com participa\u00e7\u00e3o de Bruno Baronetti, professor e pesquisador da Cultura Popular Brasileira; o m\u00fasico e ge\u00f3grafo F\u00e1bio Adorno, e Alencar Ferreira, ex-diretor do Sindicato dos Banc\u00e1rios de S\u00e3o Paulo, Osasco e Regi\u00e3o.<\/p>\n<p>Juvandia vai falar sobre a conjuntura brasileira e o que pode vir para 2021. Avaliar\u00e1 tamb\u00e9m a categoria banc\u00e1ria, que neste ano participou de uma campanha nacional salarial na qual conseguiu defender os direitos conquistados durante anos.<\/p>\n<p><strong>Fonte: Contraf-CUT<\/strong><\/p>\n","protected":false},"excerpt":{"rendered":"<p>Um ano para ficar na hist\u00f3ria, 2020 ser\u00e1 avaliado nesta quarta-feira (16) pela presidenta da Confedera\u00e7\u00e3o Nacional dos Trabalhadores do Ramo Financeiro (Contraf-CUT), Juvandia Moreira, em live no YouTube, pelo canal \u201cNo Cora\u00e7\u00e3o da Tormenta\u201d. A live come\u00e7a \u00e0s 18h, com participa\u00e7\u00e3o de Bruno Baronetti, professor e pesquisador da Cultura Popular Brasileira; o m\u00fasico e [&hellip;]<\/p>\n","protected":false},"author":2,"featured_media":10152,"comment_status":"","ping_status":"","sticky":false,"template":"","format":"standard","meta":{"footnotes":""},"categories":[3],"tags":[],"class_list":["post-10153","post","type-post","status-publish","format-standard","has-post-thumbnail","hentry","category-noticias"],"_links":{"self":[{"href":"https:\/\/hostnetart.com.br\/baixada\/wp-json\/wp\/v2\/posts\/10153","targetHints":{"allow":["GET"]}}],"collection":[{"href":"https:\/\/hostnetart.com.br\/baixada\/wp-json\/wp\/v2\/posts"}],"about":[{"href":"https:\/\/hostnetart.com.br\/baixada\/wp-json\/wp\/v2\/types\/post"}],"author":[{"embeddable":true,"href":"https:\/\/hostnetart.com.br\/baixada\/wp-json\/wp\/v2\/users\/2"}],"replies":[{"embeddable":true,"href":"https:\/\/hostnetart.com.br\/baixada\/wp-json\/wp\/v2\/comments?post=10153"}],"version-history":[{"count":0,"href":"https:\/\/hostnetart.com.br\/baixada\/wp-json\/wp\/v2\/posts\/10153\/revisions"}],"wp:featuredmedia":[{"embeddable":true,"href":"https:\/\/hostnetart.com.br\/baixada\/wp-json\/wp\/v2\/media\/10152"}],"wp:attachment":[{"href":"https:\/\/hostnetart.com.br\/baixada\/wp-json\/wp\/v2\/media?parent=10153"}],"wp:term":[{"taxonomy":"category","embeddable":true,"href":"https:\/\/hostnetart.com.br\/baixada\/wp-json\/wp\/v2\/categories?post=10153"},{"taxonomy":"post_tag","embeddable":true,"href":"https:\/\/hostnetart.com.br\/baixada\/wp-json\/wp\/v2\/tags?post=10153"}],"curies":[{"name":"wp","href":"https:\/\/api.w.org\/{rel}","templated":true}]}}