{"id":10151,"date":"2020-12-16T16:19:30","date_gmt":"2020-12-16T19:19:30","guid":{"rendered":"https:\/\/hostnetart.com.br\/baixada\/contraf-cut-lanca-campanha-contra-covid-19\/"},"modified":"2020-12-16T16:19:30","modified_gmt":"2020-12-16T19:19:30","slug":"contraf-cut-lanca-campanha-contra-covid-19","status":"publish","type":"post","link":"https:\/\/hostnetart.com.br\/baixada\/contraf-cut-lanca-campanha-contra-covid-19\/","title":{"rendered":"Contraf-CUT lan\u00e7a campanha contra Covid-19"},"content":{"rendered":"<p>A Confedera\u00e7\u00e3o Nacional dos Trabalhadores do Ramo Financeiro (Contraf-CUT) lan\u00e7a nesta segunda-feira (14) a campanha #APandemiaN\u00e3oAcabou, #AVidaN\u00e3oTemPre\u00e7o. O objetivo \u00e9 alertar a categoria banc\u00e1ria e toda a popula\u00e7\u00e3o que a pandemia do coronav\u00edrus (Covid-19) n\u00e3o acabou. Isto porque, com o afrouxamento das medidas de seguran\u00e7a, o n\u00famero de casos voltou a subir vertiginosamente em todo o Brasil. Atualmente, o Brasil \u00e9 o terceiro pa\u00eds com mais casos de covid-19 e o segundo em mortos pela doen\u00e7a.<\/p>\n<p>Os Estados Unidos chegaram a 16,2 milh\u00f5es de contaminados e come\u00e7a a semana com mais de 300 mil mortes. A \u00cdndia, em segundo, passa de 9,8 milh\u00f5es de casos de covid-19 e 143 mil \u00f3bitos. Menos mortes do que no Brasil. Aqui, com 6,9 milh\u00f5es de cont\u00e1gios, j\u00e1 perderam a vida 181 mil brasileiros.<\/p>\n<p>\u201cNosso objetivo \u00e9 lembrar \u00e0 categoria banc\u00e1ria de que a pandemia n\u00e3o acabou. N\u00e3o podemos deixar de tomar os cuidados nos nossos locais de trabalho e continuar evitando sair de casa quando n\u00e3o for muito necess\u00e1rio\u201d, afirmou Mauro Salles, secret\u00e1rio de Sa\u00fade da Contraf-CUT.<\/p>\n<p>\u201cN\u00f3s estamos em contato com a Fenaban para cobrar o cumprimento de protocolos para a prote\u00e7\u00e3o dos trabalhadores, tendo em vista que nos \u00faltimos meses houve um relaxamento nos cuidados\u201d, completou Mauro Salles.<\/p>\n<p>No in\u00edcio do m\u00eas,\u00a0<a href=\"https:\/\/contrafcut.com.br\/noticias\/mesa-da-saude-retoma-canal-para-medidas-de-prevencao-a-covid-19\/\" target=\"_blank\" rel=\"noopener noreferrer\">a mesa bipartite da Sa\u00fade entre o Comando Nacional dos Banc\u00e1rios e a Federa\u00e7\u00e3o Nacional dos Bancos (Fenaban) decidiu retomar o canal direto entre as partes para solucionar problemas dos protocolos para preven\u00e7\u00e3o da Covid-19 no setor<\/a>. Para tanto, os sindicalistas reivindicaram que a Fenaban esclare\u00e7a quais as regras b\u00e1sicas para os protocolos, tendo em vista que nos \u00faltimos meses houve um relaxamento nos cuidados. Tamb\u00e9m foi discutida a inclus\u00e3o da categoria banc\u00e1ria ente os setores priorit\u00e1rios para a vacina contra a Covid-19.<\/p>\n<p>A retomada do canal direto entre o Comando e a Fenaban foi decidida diante do aumento da contamina\u00e7\u00e3o da Covid-19 nesse final de ano, no que j\u00e1 est\u00e1 sendo chamado de \u201csegunda onda\u201d. Qualquer problema quanto ao cumprimento de protocolos para a prote\u00e7\u00e3o dos trabalhadores dever\u00e1 ser encaminhado ao canal retomado para ser solucionado.<\/p>\n<p><strong>Fonte: Contraf-CUT<\/strong><\/p>\n","protected":false},"excerpt":{"rendered":"<p>A Confedera\u00e7\u00e3o Nacional dos Trabalhadores do Ramo Financeiro (Contraf-CUT) lan\u00e7a nesta segunda-feira (14) a campanha #APandemiaN\u00e3oAcabou, #AVidaN\u00e3oTemPre\u00e7o. O objetivo \u00e9 alertar a categoria banc\u00e1ria e toda a popula\u00e7\u00e3o que a pandemia do coronav\u00edrus (Covid-19) n\u00e3o acabou. Isto porque, com o afrouxamento das medidas de seguran\u00e7a, o n\u00famero de casos voltou a subir vertiginosamente em todo [&hellip;]<\/p>\n","protected":false},"author":2,"featured_media":10150,"comment_status":"","ping_status":"","sticky":false,"template":"","format":"standard","meta":{"footnotes":""},"categories":[3],"tags":[],"class_list":["post-10151","post","type-post","status-publish","format-standard","has-post-thumbnail","hentry","category-noticias"],"_links":{"self":[{"href":"https:\/\/hostnetart.com.br\/baixada\/wp-json\/wp\/v2\/posts\/10151","targetHints":{"allow":["GET"]}}],"collection":[{"href":"https:\/\/hostnetart.com.br\/baixada\/wp-json\/wp\/v2\/posts"}],"about":[{"href":"https:\/\/hostnetart.com.br\/baixada\/wp-json\/wp\/v2\/types\/post"}],"author":[{"embeddable":true,"href":"https:\/\/hostnetart.com.br\/baixada\/wp-json\/wp\/v2\/users\/2"}],"replies":[{"embeddable":true,"href":"https:\/\/hostnetart.com.br\/baixada\/wp-json\/wp\/v2\/comments?post=10151"}],"version-history":[{"count":0,"href":"https:\/\/hostnetart.com.br\/baixada\/wp-json\/wp\/v2\/posts\/10151\/revisions"}],"wp:featuredmedia":[{"embeddable":true,"href":"https:\/\/hostnetart.com.br\/baixada\/wp-json\/wp\/v2\/media\/10150"}],"wp:attachment":[{"href":"https:\/\/hostnetart.com.br\/baixada\/wp-json\/wp\/v2\/media?parent=10151"}],"wp:term":[{"taxonomy":"category","embeddable":true,"href":"https:\/\/hostnetart.com.br\/baixada\/wp-json\/wp\/v2\/categories?post=10151"},{"taxonomy":"post_tag","embeddable":true,"href":"https:\/\/hostnetart.com.br\/baixada\/wp-json\/wp\/v2\/tags?post=10151"}],"curies":[{"name":"wp","href":"https:\/\/api.w.org\/{rel}","templated":true}]}}