{"id":10149,"date":"2020-12-16T15:54:01","date_gmt":"2020-12-16T18:54:01","guid":{"rendered":"https:\/\/hostnetart.com.br\/baixada\/bancaria-do-santander-e-reintegrada-pelo-sindicato-dos-bancarios-da-baixada-fluminense\/"},"modified":"2020-12-16T15:54:01","modified_gmt":"2020-12-16T18:54:01","slug":"bancaria-do-santander-e-reintegrada-pelo-sindicato-dos-bancarios-da-baixada-fluminense","status":"publish","type":"post","link":"https:\/\/hostnetart.com.br\/baixada\/bancaria-do-santander-e-reintegrada-pelo-sindicato-dos-bancarios-da-baixada-fluminense\/","title":{"rendered":"Banc\u00e1ria do Santander \u00e9 reintegrada pelo Sindicato dos Banc\u00e1rios da Baixada Fluminense"},"content":{"rendered":"<p>O trabalho dos Departamentos de Sa\u00fade e Jur\u00eddico do Sindicato dos Banc\u00e1rios da Baixada Fluminense n\u00e3o para!<br \/>Nesta quarta-feira, dia 16\/12, por decis\u00e3o da Ju\u00edza da 4a Vara do Trabalho de Duque de Caxias, a banc\u00e1ria do Banco Santander, Monica da Silva Nunes, foi reintegrada.<br \/>Monica \u00e9 Gerente de Apoio da Regional Baixada Fluminense.<\/p>\n<p><strong>Entenda:<\/strong><\/p>\n<p>Os bancos vem contrariando um compromisso firmado com a categoria banc\u00e1ria de n\u00e3o demitir durante a pandemia.<br \/>A banc\u00e1ria do Santander, Monica Nunes, foi demitida sem raz\u00e3o aparente.<br \/>Ap\u00f3s a demiss\u00e3o, Monica buscou atendimento no Sindicato e, hoje, foi reintegrada. Resultado de um trabalho eficiente e comprometido com a categoria banc\u00e1ria.<\/p>\n<p><span style=\"text-decoration: underline;\">IMPORTANTE<\/span><\/p>\n<p>Em caso de demiss\u00e3o, a orienta\u00e7\u00e3o \u00e9 para que o banc\u00e1rio ou banc\u00e1ria entre em contato imediatamente com o Sindicato.<\/p>\n<p>SINDICALIZE-SE<\/p>\n","protected":false},"excerpt":{"rendered":"<p>O trabalho dos Departamentos de Sa\u00fade e Jur\u00eddico do Sindicato dos Banc\u00e1rios da Baixada Fluminense n\u00e3o para!Nesta quarta-feira, dia 16\/12, por decis\u00e3o da Ju\u00edza da 4a Vara do Trabalho de Duque de Caxias, a banc\u00e1ria do Banco Santander, Monica da Silva Nunes, foi reintegrada.Monica \u00e9 Gerente de Apoio da Regional Baixada Fluminense. Entenda: Os bancos [&hellip;]<\/p>\n","protected":false},"author":2,"featured_media":10148,"comment_status":"","ping_status":"","sticky":false,"template":"","format":"standard","meta":{"footnotes":""},"categories":[3],"tags":[],"class_list":["post-10149","post","type-post","status-publish","format-standard","has-post-thumbnail","hentry","category-noticias"],"_links":{"self":[{"href":"https:\/\/hostnetart.com.br\/baixada\/wp-json\/wp\/v2\/posts\/10149","targetHints":{"allow":["GET"]}}],"collection":[{"href":"https:\/\/hostnetart.com.br\/baixada\/wp-json\/wp\/v2\/posts"}],"about":[{"href":"https:\/\/hostnetart.com.br\/baixada\/wp-json\/wp\/v2\/types\/post"}],"author":[{"embeddable":true,"href":"https:\/\/hostnetart.com.br\/baixada\/wp-json\/wp\/v2\/users\/2"}],"replies":[{"embeddable":true,"href":"https:\/\/hostnetart.com.br\/baixada\/wp-json\/wp\/v2\/comments?post=10149"}],"version-history":[{"count":0,"href":"https:\/\/hostnetart.com.br\/baixada\/wp-json\/wp\/v2\/posts\/10149\/revisions"}],"wp:featuredmedia":[{"embeddable":true,"href":"https:\/\/hostnetart.com.br\/baixada\/wp-json\/wp\/v2\/media\/10148"}],"wp:attachment":[{"href":"https:\/\/hostnetart.com.br\/baixada\/wp-json\/wp\/v2\/media?parent=10149"}],"wp:term":[{"taxonomy":"category","embeddable":true,"href":"https:\/\/hostnetart.com.br\/baixada\/wp-json\/wp\/v2\/categories?post=10149"},{"taxonomy":"post_tag","embeddable":true,"href":"https:\/\/hostnetart.com.br\/baixada\/wp-json\/wp\/v2\/tags?post=10149"}],"curies":[{"name":"wp","href":"https:\/\/api.w.org\/{rel}","templated":true}]}}