{"id":10147,"date":"2020-12-15T18:46:42","date_gmt":"2020-12-15T21:46:42","guid":{"rendered":"https:\/\/hostnetart.com.br\/baixada\/sindicato-dos-bancarios-da-baixada-fluminense-reintegra-mais-dois-bancarios-do-bradesco\/"},"modified":"2020-12-15T18:46:42","modified_gmt":"2020-12-15T21:46:42","slug":"sindicato-dos-bancarios-da-baixada-fluminense-reintegra-mais-dois-bancarios-do-bradesco","status":"publish","type":"post","link":"https:\/\/hostnetart.com.br\/baixada\/sindicato-dos-bancarios-da-baixada-fluminense-reintegra-mais-dois-bancarios-do-bradesco\/","title":{"rendered":"Sindicato dos Banc\u00e1rios da Baixada Fluminense reintegra mais dois banc\u00e1rios do Bradesco"},"content":{"rendered":"<div class=\"o9v6fnle cxmmr5t8 oygrvhab hcukyx3x c1et5uql ii04i59q\">\n<div dir=\"auto\">\n<div dir=\"auto\">\n<div dir=\"auto\">Mais duas reintegra\u00e7\u00f5es de banc\u00e1rios do Banco Bradesco foram obtidas pelo Sindicato dos Banc\u00e1rios da Baixada Fluminense. Vit\u00f3rias obtidas atrav\u00e9s de seus Departamentos Jur\u00eddico e de Sa\u00fade.<\/div>\n<\/div>\n<div dir=\"auto\">\u00a0<\/div>\n<div dir=\"auto\">No dia 27\/11\/2020, a Justi\u00e7a decidiu pela reintegra\u00e7\u00e3o dos banc\u00e1rios demitidos em plena pandemia.\u00a0As reintegra\u00e7\u00f5es foram do banc\u00e1rio Felipe Moreira da Costa Menezes (ag\u00eancia 406 &#8211; Centro\/Nova Igua\u00e7u) e da banc\u00e1ria Andressa Reis da Silva (ag\u00eancia 3402 &#8211; Av Governador Amaral Peixoto\/Nova Iguacu).<\/div>\n<div dir=\"auto\">\u00a0<\/div>\n<div dir=\"auto\">Vit\u00f3rias do Departamento Jur\u00eddico do Sindicato dos Banc\u00e1rios da Baixada Fluminense, que garantiu junto \u00e0 Justi\u00e7a do Trabalho a reintegra\u00e7\u00e3o dos banc\u00e1rios demitidos durante a pandemia do novo coronav\u00edrus.<\/div>\n<div dir=\"auto\">\u00a0<\/div>\n<div dir=\"auto\">Um dos principais argumentos utilizados na defesa do trabalhador foi o fato de a institui\u00e7\u00e3o ter assumido compromisso p\u00fablico de n\u00e3o demitir no per\u00edodo de crise provocado pela covid-19.<\/div>\n<div dir=\"auto\">Foram impetrados mandados de seguran\u00e7a, com pedido de liminar, contra as decis\u00f5es que indeferiram a tutela provis\u00f3ria de urg\u00eancia nas a\u00e7\u00f5es trabalhistas.<\/div>\n<\/div>\n<div dir=\"auto\">\u00a0<\/div>\n<\/div>\n<div class=\"o9v6fnle cxmmr5t8 oygrvhab hcukyx3x c1et5uql ii04i59q\">\u00a0<\/div>\n<div class=\"o9v6fnle cxmmr5t8 oygrvhab hcukyx3x c1et5uql ii04i59q\">\n<div dir=\"auto\"><strong>IMPORTANTE<\/strong><\/div>\n<div dir=\"auto\">\u00a0<\/div>\n<\/div>\n<div class=\"o9v6fnle cxmmr5t8 oygrvhab hcukyx3x c1et5uql ii04i59q\">\n<div dir=\"auto\">Em caso de demiss\u00e3o, a orienta\u00e7\u00e3o \u00e9 para que o banc\u00e1rio ou banc\u00e1ria entre em contato imediatamente com o Sindicato.<\/div>\n<div dir=\"auto\">\u00a0<\/div>\n<\/div>\n<div class=\"o9v6fnle cxmmr5t8 oygrvhab hcukyx3x c1et5uql ii04i59q\">\n<div dir=\"auto\">SINDICALIZE-SE<\/div>\n<div dir=\"auto\">\u00a0<\/div>\n<div dir=\"auto\">\u00a0<\/div>\n<\/div>\n","protected":false},"excerpt":{"rendered":"<p>Mais duas reintegra\u00e7\u00f5es de banc\u00e1rios do Banco Bradesco foram obtidas pelo Sindicato dos Banc\u00e1rios da Baixada Fluminense. Vit\u00f3rias obtidas atrav\u00e9s de seus Departamentos Jur\u00eddico e de Sa\u00fade. \u00a0 No dia 27\/11\/2020, a Justi\u00e7a decidiu pela reintegra\u00e7\u00e3o dos banc\u00e1rios demitidos em plena pandemia.\u00a0As reintegra\u00e7\u00f5es foram do banc\u00e1rio Felipe Moreira da Costa Menezes (ag\u00eancia 406 &#8211; Centro\/Nova [&hellip;]<\/p>\n","protected":false},"author":2,"featured_media":10146,"comment_status":"","ping_status":"","sticky":false,"template":"","format":"standard","meta":{"footnotes":""},"categories":[3],"tags":[],"class_list":["post-10147","post","type-post","status-publish","format-standard","has-post-thumbnail","hentry","category-noticias"],"_links":{"self":[{"href":"https:\/\/hostnetart.com.br\/baixada\/wp-json\/wp\/v2\/posts\/10147","targetHints":{"allow":["GET"]}}],"collection":[{"href":"https:\/\/hostnetart.com.br\/baixada\/wp-json\/wp\/v2\/posts"}],"about":[{"href":"https:\/\/hostnetart.com.br\/baixada\/wp-json\/wp\/v2\/types\/post"}],"author":[{"embeddable":true,"href":"https:\/\/hostnetart.com.br\/baixada\/wp-json\/wp\/v2\/users\/2"}],"replies":[{"embeddable":true,"href":"https:\/\/hostnetart.com.br\/baixada\/wp-json\/wp\/v2\/comments?post=10147"}],"version-history":[{"count":0,"href":"https:\/\/hostnetart.com.br\/baixada\/wp-json\/wp\/v2\/posts\/10147\/revisions"}],"wp:featuredmedia":[{"embeddable":true,"href":"https:\/\/hostnetart.com.br\/baixada\/wp-json\/wp\/v2\/media\/10146"}],"wp:attachment":[{"href":"https:\/\/hostnetart.com.br\/baixada\/wp-json\/wp\/v2\/media?parent=10147"}],"wp:term":[{"taxonomy":"category","embeddable":true,"href":"https:\/\/hostnetart.com.br\/baixada\/wp-json\/wp\/v2\/categories?post=10147"},{"taxonomy":"post_tag","embeddable":true,"href":"https:\/\/hostnetart.com.br\/baixada\/wp-json\/wp\/v2\/tags?post=10147"}],"curies":[{"name":"wp","href":"https:\/\/api.w.org\/{rel}","templated":true}]}}