{"id":10143,"date":"2020-12-15T03:33:20","date_gmt":"2020-12-15T06:33:20","guid":{"rendered":"https:\/\/hostnetart.com.br\/baixada\/caixa-efetua-ultimo-pagamento-do-auxilio-emergencial\/"},"modified":"2020-12-15T03:33:20","modified_gmt":"2020-12-15T06:33:20","slug":"caixa-efetua-ultimo-pagamento-do-auxilio-emergencial","status":"publish","type":"post","link":"https:\/\/hostnetart.com.br\/baixada\/caixa-efetua-ultimo-pagamento-do-auxilio-emergencial\/","title":{"rendered":"Caixa efetua \u00faltimo pagamento do aux\u00edlio emergencial"},"content":{"rendered":"<p>A Caixa Econ\u00f4mica Federal est\u00e1 efetuando nesta segunda-feira (14) o \u00faltimo pagamento do aux\u00edlio emergencial para os aniversariantes de mar\u00e7o do p\u00fablico em geral ou para inscritos no programa Bolsa Fam\u00edlia que t\u00eam o NIS (N\u00famero de Identifica\u00e7\u00e3o Social) terminado em 3. Esta parcela pode ser de R$ 600 ou de R$ 300, dependendo de quando o benefici\u00e1rio teve seu cadastro aprovado.\u00a0<\/p>\n<p>Oficialmente, o Governo Federal mant\u00e9m o posicionamento de que o aux\u00edlio se encerra este m\u00eas. Na \u00faltima semana, o ministro da Economia, Paulo Guedes, reiterou que o benef\u00edcio deve acabar, mas disse que h\u00e1 a possibilidade de prorroga\u00e7\u00e3o, se o n\u00famero de mortes di\u00e1rias pela Covid-19 aumentar e se tiverem de ser adotadas novas medidas de isolamento social.<\/p>\n<p>Segundo informa\u00e7\u00f5es da Caixa, quem tem direito ao aux\u00edlio, mas n\u00e3o est\u00e1 inscrito no Bolsa Fam\u00edlia, recebe nos chamados ciclos de pagamento da Caixa.\u00a0 O calend\u00e1rio \u00e9 dividido em duas etapas.\u00a0Na primeira, o dinheiro \u00e9 depositado na poupan\u00e7a digital e fica dispon\u00edvel apenas para pagamentos e transa\u00e7\u00f5es pelo aplicativo Caixa Tem.\u00a0Na segunda etapa o aux\u00edlio \u00e9 liberado para saques e transfer\u00eancias.<\/p>\n<p>O dep\u00f3sito de hoje, para nascidos em mar\u00e7o, faz parte do ciclo 6, o \u00faltimo previsto. A data da libera\u00e7\u00e3o para saques e transfer\u00eancia \u00e9 a mesma para os ciclos 5 e 6. Isso significa que, quando chegar o dia da autoriza\u00e7\u00e3o, o benefici\u00e1rio poder\u00e1 sacar ou transferir todo o dinheiro que sobrou das \u00faltimas parcelas do aux\u00edlio.<\/p>\n<p><strong>N\u00famero de parcelas<\/strong><\/p>\n<p>A quantidade de parcelas total a que a pessoa ter\u00e1 direito depende do m\u00eas em que ela come\u00e7ou a receber o aux\u00edlio.\u00a0O m\u00e1ximo s\u00e3o nove parcelas, sendo o primeiro de R $ 600 e as \u00faltimas de R $ 300. No caso das mulheres que s\u00e3o chefes de fam\u00edlia elas t\u00eam direito a duas cotas.\u00a0Portanto, neste caso espec\u00edfico, as cinco primeiras parcelas s\u00e3o de R$ 1.200, enquanto as primeiras s\u00e3o de R$ 600.<\/p>\n<p>As parcelas foram distribu\u00eddas da seguinte forma: quem foi chamado em 1\u00ba de abril teve direito a nove parcelas. Quem foi chamado em primeiro de maio s\u00f3 tem direito a oito e assim por diante. A partir de agosto, os beneficiados s\u00f3 tiveram direito a cinco parcelas.<\/p>\n<p>No ciclo 6, o \u00faltimo previsto, pode haver o pagamento de parcelas acumuladas para completar os cinco dep\u00f3sitos \u2014o m\u00ednimo a que todo benefici\u00e1rio tem direito. Quem teve o cadastro aprovado em novembro, por exemplo, vai receber como cinco parcelas de uma s\u00f3 vez durante o \u00faltimo ciclo de pagamento, mas fica sem nenhuma parcela do aux\u00edlio extens\u00e3o (de R$ 300).<\/p>\n<p><strong>Extens\u00e3o para 1,2 milh\u00e3o.<\/strong><\/p>\n<p>O Governo divulgou, na \u00faltima sexta-feira (11) um calend\u00e1rio separado de pagamento da extens\u00e3o do aux\u00edlio emergencial para 1,2 milh\u00e3o de cidad\u00e3os que t\u00eam direito apenas \u00e0 parcela de dezembro da prorroga\u00e7\u00e3o do benef\u00edcio.<br \/>\u00a0\u00a0<\/p>\n<p>S\u00e3o pessoas que receberam a primeira remessa do aux\u00edlio emergencial em julho e ter\u00e3o os R$ 300 ou R$ 600 da extens\u00e3o creditados nas suas contas entre 21 e 29 deste m\u00eas. A\u00a0<a href=\"https:\/\/nam10.safelinks.protection.outlook.com\/?url=https%3A%2F%2Fwww.in.gov.br%2Fen%2Fweb%2Fdou%2F-%2Fportaria-n-558-de-10-de-dezembro-de-2020-293524725&amp;data=04%7C01%7Ccinara.lima%40fenae.org.br%7C088bdd90b07d4a298b8008d8a06a99ba%7C5e9f506a59cd4e3c9ce3417733544b4a%7C0%7C0%7C637435727010607381%7CUnknown%7CTWFpbGZsb3d8eyJWIjoiMC4wLjAwMDAiLCJQIjoiV2luMzIiLCJBTiI6Ik1haWwiLCJXVCI6Mn0%3D%7C1000&amp;sdata=ZrsajSCn7fW3E2ehIgzGCfL6XRUclwQ2MnHEejF8jT0%3D&amp;reserved=0\" target=\"_self\">Portaria n\u00ba 558<\/a>, publicada no Di\u00e1rio Oficial da Uni\u00e3o, tamb\u00e9m mostra o resultado da revis\u00e3o das contesta\u00e7\u00f5es de novembro, o que beneficia 4,5 \u00admil pessoas que entram no ciclo 6 de pagamento.<\/p>\n<p>Os que est\u00e3o nessa categoria da extens\u00e3o do aux\u00edlio e nasceram entre os meses de janeiro a setembro, v\u00e3o ter o cr\u00e9dito na conta no dia 21 (o p\u00fablico estimado \u00e9 de 900 mil pessoas). J\u00e1 os que nasceram em outubro receber\u00e3o no dia 23 de dezembro (100 mil pessoas). Os que nasceram em novembro receber\u00e3o no dia 28 (tamb\u00e9m 100 mil pessoas) e os nascidos em dezembro t\u00eam como data agendada para recebimento o dia 29 (outras 100 mil pessoas).<\/p>\n<p><strong>Bolsa Fam\u00edlia<\/strong><\/p>\n<p>A novidade deste m\u00eas para os benefici\u00e1rios do Bolsa Fam\u00edlia que t\u00eam direito ao benef\u00edcio \u00e9 que esse grupo tamb\u00e9m receber\u00e1 o dinheiro em poupan\u00e7a digital pelo aplicativo Caixa Tem, mas continuar\u00e1 podendo sacar com o cart\u00e3o do programa ou com o Cart\u00e3o Cidad\u00e3o.<\/p>\n<p>A institui\u00e7\u00e3o, entretanto, informou que n\u00e3o \u00e9 poss\u00edvel acumular integramente pagamentos do aux\u00edlio e do Bolsa Fam\u00edlia.\u00a0Se o valor do Bolsa Fam\u00edlia for inferior a R $ 300, a pessoa s\u00f3 tem direito a receber parcelas de R $ 300. Se for superior a R $ 300, receber\u00e1 o valor do Bolsa Fam\u00edlia.\u00a0<\/p>\n<p><span style=\"text-decoration: underline;\"><em><strong>Fonte: Fenae<\/strong><\/em><\/span><\/p>\n","protected":false},"excerpt":{"rendered":"<p>A Caixa Econ\u00f4mica Federal est\u00e1 efetuando nesta segunda-feira (14) o \u00faltimo pagamento do aux\u00edlio emergencial para os aniversariantes de mar\u00e7o do p\u00fablico em geral ou para inscritos no programa Bolsa Fam\u00edlia que t\u00eam o NIS (N\u00famero de Identifica\u00e7\u00e3o Social) terminado em 3. Esta parcela pode ser de R$ 600 ou de R$ 300, dependendo de [&hellip;]<\/p>\n","protected":false},"author":2,"featured_media":10142,"comment_status":"","ping_status":"","sticky":false,"template":"","format":"standard","meta":{"footnotes":""},"categories":[3],"tags":[],"class_list":["post-10143","post","type-post","status-publish","format-standard","has-post-thumbnail","hentry","category-noticias"],"_links":{"self":[{"href":"https:\/\/hostnetart.com.br\/baixada\/wp-json\/wp\/v2\/posts\/10143","targetHints":{"allow":["GET"]}}],"collection":[{"href":"https:\/\/hostnetart.com.br\/baixada\/wp-json\/wp\/v2\/posts"}],"about":[{"href":"https:\/\/hostnetart.com.br\/baixada\/wp-json\/wp\/v2\/types\/post"}],"author":[{"embeddable":true,"href":"https:\/\/hostnetart.com.br\/baixada\/wp-json\/wp\/v2\/users\/2"}],"replies":[{"embeddable":true,"href":"https:\/\/hostnetart.com.br\/baixada\/wp-json\/wp\/v2\/comments?post=10143"}],"version-history":[{"count":0,"href":"https:\/\/hostnetart.com.br\/baixada\/wp-json\/wp\/v2\/posts\/10143\/revisions"}],"wp:featuredmedia":[{"embeddable":true,"href":"https:\/\/hostnetart.com.br\/baixada\/wp-json\/wp\/v2\/media\/10142"}],"wp:attachment":[{"href":"https:\/\/hostnetart.com.br\/baixada\/wp-json\/wp\/v2\/media?parent=10143"}],"wp:term":[{"taxonomy":"category","embeddable":true,"href":"https:\/\/hostnetart.com.br\/baixada\/wp-json\/wp\/v2\/categories?post=10143"},{"taxonomy":"post_tag","embeddable":true,"href":"https:\/\/hostnetart.com.br\/baixada\/wp-json\/wp\/v2\/tags?post=10143"}],"curies":[{"name":"wp","href":"https:\/\/api.w.org\/{rel}","templated":true}]}}