{"id":10135,"date":"2020-12-12T11:31:56","date_gmt":"2020-12-12T14:31:56","guid":{"rendered":"https:\/\/hostnetart.com.br\/baixada\/nota-de-falecimento-dra-lea-freitas-pereira\/"},"modified":"2020-12-12T11:31:56","modified_gmt":"2020-12-12T14:31:56","slug":"nota-de-falecimento-dra-lea-freitas-pereira","status":"publish","type":"post","link":"https:\/\/hostnetart.com.br\/baixada\/nota-de-falecimento-dra-lea-freitas-pereira\/","title":{"rendered":"Nota de Falecimento &#8211; Dra. Lea Freitas Pereira"},"content":{"rendered":"<p>\u00c9 com profundo pesar que o Sindicato dos Banc\u00e1rios da Baixada Fluminense\u00a0comunica o falecimento da Dra. Lea Freitas Pereira, nesta sexta-feira (11), por complica\u00e7\u00f5es da COVID-19.<\/p>\n<p>O Sindicato se solidariza com a dor dos familiares, amigos e presta suas mais sinceras condol\u00eancias.<\/p>\n<p>Dra. Lea Freitas tem vasto hist\u00f3rico no meio sindical. Ajudou in\u00fameras e in\u00fameros banc\u00e1rios com sua excel\u00eancia no atendimento.\u00a0Dra. Lea tamb\u00e9m foi presidente da Sociedade Brasileira de Radiologia (atual SRAD-RJ).<\/p>\n<p>Dra. Lea, PRESENTE!<\/p>\n<p>\u00a0<\/p>\n","protected":false},"excerpt":{"rendered":"<p>\u00c9 com profundo pesar que o Sindicato dos Banc\u00e1rios da Baixada Fluminense\u00a0comunica o falecimento da Dra. Lea Freitas Pereira, nesta sexta-feira (11), por complica\u00e7\u00f5es da COVID-19. O Sindicato se solidariza com a dor dos familiares, amigos e presta suas mais sinceras condol\u00eancias. Dra. Lea Freitas tem vasto hist\u00f3rico no meio sindical. Ajudou in\u00fameras e in\u00fameros [&hellip;]<\/p>\n","protected":false},"author":2,"featured_media":10134,"comment_status":"","ping_status":"","sticky":false,"template":"","format":"standard","meta":{"footnotes":""},"categories":[3],"tags":[],"class_list":["post-10135","post","type-post","status-publish","format-standard","has-post-thumbnail","hentry","category-noticias"],"_links":{"self":[{"href":"https:\/\/hostnetart.com.br\/baixada\/wp-json\/wp\/v2\/posts\/10135","targetHints":{"allow":["GET"]}}],"collection":[{"href":"https:\/\/hostnetart.com.br\/baixada\/wp-json\/wp\/v2\/posts"}],"about":[{"href":"https:\/\/hostnetart.com.br\/baixada\/wp-json\/wp\/v2\/types\/post"}],"author":[{"embeddable":true,"href":"https:\/\/hostnetart.com.br\/baixada\/wp-json\/wp\/v2\/users\/2"}],"replies":[{"embeddable":true,"href":"https:\/\/hostnetart.com.br\/baixada\/wp-json\/wp\/v2\/comments?post=10135"}],"version-history":[{"count":0,"href":"https:\/\/hostnetart.com.br\/baixada\/wp-json\/wp\/v2\/posts\/10135\/revisions"}],"wp:featuredmedia":[{"embeddable":true,"href":"https:\/\/hostnetart.com.br\/baixada\/wp-json\/wp\/v2\/media\/10134"}],"wp:attachment":[{"href":"https:\/\/hostnetart.com.br\/baixada\/wp-json\/wp\/v2\/media?parent=10135"}],"wp:term":[{"taxonomy":"category","embeddable":true,"href":"https:\/\/hostnetart.com.br\/baixada\/wp-json\/wp\/v2\/categories?post=10135"},{"taxonomy":"post_tag","embeddable":true,"href":"https:\/\/hostnetart.com.br\/baixada\/wp-json\/wp\/v2\/tags?post=10135"}],"curies":[{"name":"wp","href":"https:\/\/api.w.org\/{rel}","templated":true}]}}