{"id":10133,"date":"2020-12-11T17:25:39","date_gmt":"2020-12-11T20:25:39","guid":{"rendered":"https:\/\/hostnetart.com.br\/baixada\/sindicato-dos-bancarios-da-baixada-fluminense-reintegra-mais-uma-bancaria-do-bradesco\/"},"modified":"2020-12-11T17:25:39","modified_gmt":"2020-12-11T20:25:39","slug":"sindicato-dos-bancarios-da-baixada-fluminense-reintegra-mais-uma-bancaria-do-bradesco","status":"publish","type":"post","link":"https:\/\/hostnetart.com.br\/baixada\/sindicato-dos-bancarios-da-baixada-fluminense-reintegra-mais-uma-bancaria-do-bradesco\/","title":{"rendered":"Sindicato dos Banc\u00e1rios da Baixada Fluminense reintegra mais uma banc\u00e1ria do Bradesco"},"content":{"rendered":"<div class=\"o9v6fnle cxmmr5t8 oygrvhab hcukyx3x c1et5uql ii04i59q\">\n<div dir=\"auto\">O Sindicato dos Banc\u00e1rios da Baixada Fluminense, atrav\u00e9s de seus departamentos jur\u00eddico e de sa\u00fade, reintegrou mais uma banc\u00e1ria do Banco Bradesco.<\/div>\n<div dir=\"auto\">\u00a0<\/div>\n<div dir=\"auto\">A reintegra\u00e7\u00e3o ocorreu nesta sexta-feira, dia 11 de dezembro, ap\u00f3s decis\u00e3o proferida pela Ju\u00edza da 4a Vara do Trabalho de Nova Igua\u00e7u.<\/div>\n<div dir=\"auto\">\u00a0<\/div>\n<\/div>\n<div class=\"o9v6fnle cxmmr5t8 oygrvhab hcukyx3x c1et5uql ii04i59q\">\n<div dir=\"auto\"><span style=\"text-decoration: underline;\">Entenda<\/span>:<\/div>\n<div dir=\"auto\">\u00a0<\/div>\n<\/div>\n<div class=\"o9v6fnle cxmmr5t8 oygrvhab hcukyx3x c1et5uql ii04i59q\">\n<div dir=\"auto\">Os bancos vem contrariando um compromisso firmado com a categoria banc\u00e1ria de n\u00e3o demitir durante a pandemia.<\/div>\n<div dir=\"auto\">A banc\u00e1ria do Bradesco, Endrika Barbosa de Oliveira (ag\u00eancia 0406, Centro-Nova Igua\u00e7u), foi demitida por telefone, dia 25 de novembro, sem raz\u00e3o aparente.<\/div>\n<div dir=\"auto\">Logo ap\u00f3s a demiss\u00e3o, Endrika buscou atendimento do Sindicato. Em pouco tempo, teve sua demiss\u00e3o revertida. Resultado de um trabalho eficiente e comprometido com a categoria banc\u00e1ria.<\/div>\n<div dir=\"auto\">\u00a0<\/div>\n<\/div>\n<div class=\"o9v6fnle cxmmr5t8 oygrvhab hcukyx3x c1et5uql ii04i59q\">\n<div dir=\"auto\"><strong>IMPORTANTE<\/strong><\/div>\n<div dir=\"auto\">\u00a0<\/div>\n<\/div>\n<div class=\"o9v6fnle cxmmr5t8 oygrvhab hcukyx3x c1et5uql ii04i59q\">\n<div dir=\"auto\">Em caso de demiss\u00e3o, a orienta\u00e7\u00e3o \u00e9 para que o banc\u00e1rio ou banc\u00e1ria entre em contato imediatamente com o Sindicato.<\/div>\n<div dir=\"auto\">\u00a0<\/div>\n<\/div>\n<div class=\"o9v6fnle cxmmr5t8 oygrvhab hcukyx3x c1et5uql ii04i59q\">\n<div dir=\"auto\">SINDICALIZE-SE<\/div>\n<\/div>\n","protected":false},"excerpt":{"rendered":"<p>O Sindicato dos Banc\u00e1rios da Baixada Fluminense, atrav\u00e9s de seus departamentos jur\u00eddico e de sa\u00fade, reintegrou mais uma banc\u00e1ria do Banco Bradesco. \u00a0 A reintegra\u00e7\u00e3o ocorreu nesta sexta-feira, dia 11 de dezembro, ap\u00f3s decis\u00e3o proferida pela Ju\u00edza da 4a Vara do Trabalho de Nova Igua\u00e7u. \u00a0 Entenda: \u00a0 Os bancos vem contrariando um compromisso firmado [&hellip;]<\/p>\n","protected":false},"author":2,"featured_media":10132,"comment_status":"","ping_status":"","sticky":false,"template":"","format":"standard","meta":{"footnotes":""},"categories":[3],"tags":[],"class_list":["post-10133","post","type-post","status-publish","format-standard","has-post-thumbnail","hentry","category-noticias"],"_links":{"self":[{"href":"https:\/\/hostnetart.com.br\/baixada\/wp-json\/wp\/v2\/posts\/10133","targetHints":{"allow":["GET"]}}],"collection":[{"href":"https:\/\/hostnetart.com.br\/baixada\/wp-json\/wp\/v2\/posts"}],"about":[{"href":"https:\/\/hostnetart.com.br\/baixada\/wp-json\/wp\/v2\/types\/post"}],"author":[{"embeddable":true,"href":"https:\/\/hostnetart.com.br\/baixada\/wp-json\/wp\/v2\/users\/2"}],"replies":[{"embeddable":true,"href":"https:\/\/hostnetart.com.br\/baixada\/wp-json\/wp\/v2\/comments?post=10133"}],"version-history":[{"count":0,"href":"https:\/\/hostnetart.com.br\/baixada\/wp-json\/wp\/v2\/posts\/10133\/revisions"}],"wp:featuredmedia":[{"embeddable":true,"href":"https:\/\/hostnetart.com.br\/baixada\/wp-json\/wp\/v2\/media\/10132"}],"wp:attachment":[{"href":"https:\/\/hostnetart.com.br\/baixada\/wp-json\/wp\/v2\/media?parent=10133"}],"wp:term":[{"taxonomy":"category","embeddable":true,"href":"https:\/\/hostnetart.com.br\/baixada\/wp-json\/wp\/v2\/categories?post=10133"},{"taxonomy":"post_tag","embeddable":true,"href":"https:\/\/hostnetart.com.br\/baixada\/wp-json\/wp\/v2\/tags?post=10133"}],"curies":[{"name":"wp","href":"https:\/\/api.w.org\/{rel}","templated":true}]}}