{"id":10131,"date":"2020-12-11T13:20:17","date_gmt":"2020-12-11T16:20:17","guid":{"rendered":"https:\/\/hostnetart.com.br\/baixada\/empregados-da-caixa-denunciam-reestruturacao-ao-mpt\/"},"modified":"2020-12-11T13:20:17","modified_gmt":"2020-12-11T16:20:17","slug":"empregados-da-caixa-denunciam-reestruturacao-ao-mpt","status":"publish","type":"post","link":"https:\/\/hostnetart.com.br\/baixada\/empregados-da-caixa-denunciam-reestruturacao-ao-mpt\/","title":{"rendered":"Empregados da Caixa denunciam reestrutura\u00e7\u00e3o ao MPT"},"content":{"rendered":"<p>O Minist\u00e9rio P\u00fablico do Trabalho (MPT) recebeu nos \u00faltimos dias diversas den\u00fancias de empregados da Caixa para investigar poss\u00edveis procedimentos discriminat\u00f3rios na reestrutura\u00e7\u00e3o do banco, que pegou de surpresa os trabalhadores no final de novembro. A principal reclama\u00e7\u00e3o \u00e9 quanto ao deslocamento dos empregados para outras unidades sem aviso pr\u00e9vio, que atingem, principalmente, aposentados e incorporados.<\/p>\n<p>\u201cA forma abrupta e inesperada que a Caixa comunicou os deslocamentos ocasionou p\u00e2nico e inseguran\u00e7a aos empregados atingidos, que temem altera\u00e7\u00f5es significativas na vida funcional e em suas remunera\u00e7\u00f5es\u201d, afirmou a coordenadora da Comiss\u00e3o Executiva dos Empregados (CEE) da Caixa e secret\u00e1ria de Cultura da Confedera\u00e7\u00e3o Nacional dos Trabalhadores do Ramo Financeiro (Contraf-CUT), Fabiana Uehara Proscholdt.<\/p>\n<p>A mudan\u00e7a ocorre mais uma vez sem planejamento da dire\u00e7\u00e3o da Caixa. \u201cMais uma vez o que estamos vendo \u00e9 o desrespeito da dire\u00e7\u00e3o da Caixa com os empregados. At\u00e9 o momento n\u00e3o tivemos nenhuma informa\u00e7\u00e3o oficial do que est\u00e1 acontecendo. E o que estamos vendo \u00e9 uma medida da Caixa que est\u00e1 gerando p\u00e2nico e inseguran\u00e7a entre os trabalhadores\u201d, afirmou o presidente da Federa\u00e7\u00e3o Nacional das Associa\u00e7\u00f5es do Pessoal da Caixa Econ\u00f4mica Federal (Fenae), Sergio Takemoto.<\/p>\n<p>O processo de despejo tamb\u00e9m est\u00e1 atingindo as ger\u00eancias Executivas de Governo (Gigov) e ger\u00eancias Executivas de Habita\u00e7\u00e3o (Gihab), \u00e1reas respons\u00e1veis pelo planejamento urbano dos munic\u00edpios. \u201cA falta de planejamento que vemos acontecer no governo, est\u00e1 presente nessa decis\u00e3o da dire\u00e7\u00e3o da Caixa. Est\u00e3o pensando unicamente na quest\u00e3o econ\u00f4mica, sem pensar nas pessoas nem como as pol\u00edticas p\u00fablicas v\u00e3o chegar aos munic\u00edpios e suas popula\u00e7\u00f5es\u201d, avaliou Takemoto.<\/p>\n<h2><span style=\"text-decoration: underline;\">Contraf-CUT questiona medida da Caixa<\/span><\/h2>\n<p>A Confedera\u00e7\u00e3o Nacional dos Trabalhadores do Ramo Financeiro (Contraf-CUT), assessorada pela CEE\/Caixa, enviou um of\u00edcio para questionar o banco quanto ao deslocamento dos trabalhadores e \u00e0 falta de negocia\u00e7\u00e3o da dire\u00e7\u00e3o da Caixa com os trabalhadores, como garante o Acordo Coletivo de Trabalho (ACT).<\/p>\n<p>De acordo com a coordenadora da CEE\/Caixa, a reestrutura\u00e7\u00e3o deveria ser negociada com os trabalhadores. \u201cPra que fazer as coisas desse jeito, de forma desumana e traum\u00e1tica. Essa reestrutura\u00e7\u00e3o est\u00e1 sendo feita sem planejamento, sem transpar\u00eancia, nem debates. Isso refor\u00e7a o que n\u00f3s temos dito h\u00e1 tempos, que a dire\u00e7\u00e3o da Caixa est\u00e1 desmontando a empresa, com a justifica de conten\u00e7\u00e3o de gastos. Por que n\u00e3o cortam as viagens do Pedro Guimar\u00e3es, que fica passeando o pa\u00eds todo e se auto promovendo? At\u00e9 porque, as viagens dele n\u00e3o trazem nada de bom para a Caixa, \u00e9 s\u00f3 para lobby pessoal\u201d, concluiu.<\/p>\n<p><strong>Fonte: Contraf-CUT<\/strong><\/p>\n","protected":false},"excerpt":{"rendered":"<p>O Minist\u00e9rio P\u00fablico do Trabalho (MPT) recebeu nos \u00faltimos dias diversas den\u00fancias de empregados da Caixa para investigar poss\u00edveis procedimentos discriminat\u00f3rios na reestrutura\u00e7\u00e3o do banco, que pegou de surpresa os trabalhadores no final de novembro. A principal reclama\u00e7\u00e3o \u00e9 quanto ao deslocamento dos empregados para outras unidades sem aviso pr\u00e9vio, que atingem, principalmente, aposentados e [&hellip;]<\/p>\n","protected":false},"author":2,"featured_media":10130,"comment_status":"","ping_status":"","sticky":false,"template":"","format":"standard","meta":{"footnotes":""},"categories":[3],"tags":[],"class_list":["post-10131","post","type-post","status-publish","format-standard","has-post-thumbnail","hentry","category-noticias"],"_links":{"self":[{"href":"https:\/\/hostnetart.com.br\/baixada\/wp-json\/wp\/v2\/posts\/10131","targetHints":{"allow":["GET"]}}],"collection":[{"href":"https:\/\/hostnetart.com.br\/baixada\/wp-json\/wp\/v2\/posts"}],"about":[{"href":"https:\/\/hostnetart.com.br\/baixada\/wp-json\/wp\/v2\/types\/post"}],"author":[{"embeddable":true,"href":"https:\/\/hostnetart.com.br\/baixada\/wp-json\/wp\/v2\/users\/2"}],"replies":[{"embeddable":true,"href":"https:\/\/hostnetart.com.br\/baixada\/wp-json\/wp\/v2\/comments?post=10131"}],"version-history":[{"count":0,"href":"https:\/\/hostnetart.com.br\/baixada\/wp-json\/wp\/v2\/posts\/10131\/revisions"}],"wp:featuredmedia":[{"embeddable":true,"href":"https:\/\/hostnetart.com.br\/baixada\/wp-json\/wp\/v2\/media\/10130"}],"wp:attachment":[{"href":"https:\/\/hostnetart.com.br\/baixada\/wp-json\/wp\/v2\/media?parent=10131"}],"wp:term":[{"taxonomy":"category","embeddable":true,"href":"https:\/\/hostnetart.com.br\/baixada\/wp-json\/wp\/v2\/categories?post=10131"},{"taxonomy":"post_tag","embeddable":true,"href":"https:\/\/hostnetart.com.br\/baixada\/wp-json\/wp\/v2\/tags?post=10131"}],"curies":[{"name":"wp","href":"https:\/\/api.w.org\/{rel}","templated":true}]}}