{"id":10125,"date":"2020-12-10T17:46:14","date_gmt":"2020-12-10T20:46:14","guid":{"rendered":"https:\/\/hostnetart.com.br\/baixada\/trabalhadores-se-manifestam-em-defesa-das-empresas-e-dos-servicos-publicos\/"},"modified":"2020-12-10T17:46:14","modified_gmt":"2020-12-10T20:46:14","slug":"trabalhadores-se-manifestam-em-defesa-das-empresas-e-dos-servicos-publicos","status":"publish","type":"post","link":"https:\/\/hostnetart.com.br\/baixada\/trabalhadores-se-manifestam-em-defesa-das-empresas-e-dos-servicos-publicos\/","title":{"rendered":"Trabalhadores se manifestam em defesa das empresas e dos servi\u00e7os p\u00fablicos"},"content":{"rendered":"<p>A Central \u00danica dos Trabalhadores (CUT) e outras entidades que defendem as empresas estatais e o servi\u00e7o p\u00fablico das tr\u00eas esferas \u2013 federal, estadual e municipal \u2013 realizam nesta quinta-feira (10) uma mobiliza\u00e7\u00e3o nacional em defesa do setor p\u00fablico, contra a reforma Administrativa e pela manuten\u00e7\u00e3o do aux\u00edlio emergencial de R$ 600. Atos, carreatas, panfletagens e interven\u00e7\u00f5es culturais est\u00e3o sendo realizados em todo o pa\u00eds, respeitando todos os protocolos de seguran\u00e7a e distanciamento social para evitar a dissemina\u00e7\u00e3o do novo coronav\u00edrus.<\/p>\n<p>As atividades continuam nesta sexta-feira (11), com um dia em defesa das estatais brasileiras, que v\u00eam sendo atacadas desde o golpe de 2016, primeiro por Michel Temer (MDB-SP), depois, pelo governo de Jair Bolsonaro (sem partido), que pretende entregar \u00e0 iniciativa privada e ao capital estrangeiro as principais empresas nacionais, estrat\u00e9gicas para o desenvolvimento do Brasil, como a Petrobras, Caixa Econ\u00f4mica Federal, Banco do Brasil, Eletrobr\u00e1s e Correios.<\/p>\n<p>Os ataques \u00e0s empresas p\u00fablicas afetam toda a sociedade, que corre o risco de perder servi\u00e7os essenciais em \u00e1reas importantes como sa\u00fade e educa\u00e7\u00e3o. \u201cOs trabalhadores devem estar mobilizados para enfrentar os ataques do governo ao servi\u00e7o p\u00fablico porque, no fim, quem vai pagar a conta dessa destrui\u00e7\u00e3o \u00e9 o povo brasileiro, em especial os mais pobres, que n\u00e3o v\u00e3o ter mais acesso a servi\u00e7os b\u00e1sicos como sa\u00fade e educa\u00e7\u00e3o\u201d, disse Pedro Armengol, diretor executivo da CUT e diretor da Confedera\u00e7\u00e3o Nacional dos Trabalhadores no Servi\u00e7o P\u00fablico Federal (Condsef).<\/p>\n<h3>Reforma Administrativa<\/h3>\n<p>A principal frente de ataque \u00e9 a reforma Administrativa proposta pelo ministro da Economia, Paulo Guedes. Trata-se de um conjunto de medidas que tira do Estado qualquer responsabilidade social.<\/p>\n<p>\u201cA gan\u00e2ncia do capital \u00e9 cruel. No meio de uma pandemia, em que o Brasil inteiro percebeu a import\u00e2ncia do servi\u00e7o p\u00fablico, o governo apresenta uma proposta que, resumindo, tira a responsabilidade Estado\u201d, explicou Armengol, ao explicar que a inten\u00e7\u00e3o de Bolsonaro e Paulo Guedes \u00e9 terceirizar os servi\u00e7os p\u00fablicos e cortar recursos e postos de trabalho, destruindo assim o servi\u00e7o p\u00fablico.<\/p>\n<h3>Aux\u00edlio emergencial<\/h3>\n<p>Ainda de acordo com o dirigente, os trabalhadores p\u00fablicos entendem que neste momento, com a gravidade da crise econ\u00f4mica e o aumento do desemprego, consequ\u00eancias da falta de pol\u00edticas de enfrentamento \u00e0 pandemia do coronav\u00edrus por parte de Bolsonaro, o pagamento do aux\u00edlio emergencial de R$ 600,00, conquistado pela CUT, centrais e partidos de oposi\u00e7\u00e3o em abril desde ano, \u00e9, ao menos, \u201cum paliativo que minimiza a situa\u00e7\u00e3o de precariza\u00e7\u00e3o das pessoas\u201d.<\/p>\n<h3>Defesa das estatais<\/h3>\n<p>Na sexta-feira, dia 11, a mobiliza\u00e7\u00e3o ser\u00e1 contra as privatiza\u00e7\u00f5es de empresas p\u00fablicas e, al\u00e9m dos atos, duas publica\u00e7\u00f5es \u2013 uma em portugu\u00eas e outra em espanhol \u2013, ser\u00e3o lan\u00e7adas neste dia, para refor\u00e7ar a import\u00e2ncia das empresas e servi\u00e7os p\u00fablicos para a sociedade.<\/p>\n<p>J\u00e1 \u00e9 poss\u00edvel acessar a \u00edntegra das obras nos links abaixo e nos sites do Comit\u00ea Nacional em Defesa das Empresas P\u00fablicas (www.comiteempresaspublicas.com.br) e no da representante dos empregados da Caixa no Conselho de Administra\u00e7\u00e3o, Rita Serrano \u2013 www.ritaserrano. com.br.<\/p>\n<p>O estudo do Transnational Institute (TNI) apresentado em meados deste ano re\u00fane informa\u00e7\u00f5es sobre mais de 1.400 casos bem-sucedidos de remunicipaliza\u00e7\u00e3o em mais de 2.400 cidades de 58 pa\u00edses ao redor do mundo.<\/p>\n<p>Al\u00e9m da obra \u201cO P\u00fablico em M\u00e3os P\u00fablicas\u201d, ser\u00e1 lan\u00e7ada a cartilha Empresas P\u00fablicas, Fakes e Hechos. Esta publica\u00e7\u00e3o foi originalmente lan\u00e7ada pelo Comit\u00ea Nacional em Defesa das Empresas P\u00fablicas em 2019, e agora ganha sua vers\u00e3o em espanhol.<\/p>\n<p>O lan\u00e7amento das duas obras, com ato e debate sobre os temas, ser\u00e1 realizado a partir das 16h no Facebook da Fenae, do Comit\u00ea em Defesa das Empresas P\u00fablicas e de Rita Serrano, que tamb\u00e9m \u00e9 representante dos empregados no Conselho de Administra\u00e7\u00e3o da Caixa.<\/p>\n<p><strong>Fonte:\u00a0CUT, com edi\u00e7\u00f5es da Contraf-CUT<\/strong><\/p>\n<p>\u00a0<\/p>\n","protected":false},"excerpt":{"rendered":"<p>A Central \u00danica dos Trabalhadores (CUT) e outras entidades que defendem as empresas estatais e o servi\u00e7o p\u00fablico das tr\u00eas esferas \u2013 federal, estadual e municipal \u2013 realizam nesta quinta-feira (10) uma mobiliza\u00e7\u00e3o nacional em defesa do setor p\u00fablico, contra a reforma Administrativa e pela manuten\u00e7\u00e3o do aux\u00edlio emergencial de R$ 600. Atos, carreatas, panfletagens [&hellip;]<\/p>\n","protected":false},"author":2,"featured_media":10124,"comment_status":"","ping_status":"","sticky":false,"template":"","format":"standard","meta":{"footnotes":""},"categories":[3],"tags":[],"class_list":["post-10125","post","type-post","status-publish","format-standard","has-post-thumbnail","hentry","category-noticias"],"_links":{"self":[{"href":"https:\/\/hostnetart.com.br\/baixada\/wp-json\/wp\/v2\/posts\/10125","targetHints":{"allow":["GET"]}}],"collection":[{"href":"https:\/\/hostnetart.com.br\/baixada\/wp-json\/wp\/v2\/posts"}],"about":[{"href":"https:\/\/hostnetart.com.br\/baixada\/wp-json\/wp\/v2\/types\/post"}],"author":[{"embeddable":true,"href":"https:\/\/hostnetart.com.br\/baixada\/wp-json\/wp\/v2\/users\/2"}],"replies":[{"embeddable":true,"href":"https:\/\/hostnetart.com.br\/baixada\/wp-json\/wp\/v2\/comments?post=10125"}],"version-history":[{"count":0,"href":"https:\/\/hostnetart.com.br\/baixada\/wp-json\/wp\/v2\/posts\/10125\/revisions"}],"wp:featuredmedia":[{"embeddable":true,"href":"https:\/\/hostnetart.com.br\/baixada\/wp-json\/wp\/v2\/media\/10124"}],"wp:attachment":[{"href":"https:\/\/hostnetart.com.br\/baixada\/wp-json\/wp\/v2\/media?parent=10125"}],"wp:term":[{"taxonomy":"category","embeddable":true,"href":"https:\/\/hostnetart.com.br\/baixada\/wp-json\/wp\/v2\/categories?post=10125"},{"taxonomy":"post_tag","embeddable":true,"href":"https:\/\/hostnetart.com.br\/baixada\/wp-json\/wp\/v2\/tags?post=10125"}],"curies":[{"name":"wp","href":"https:\/\/api.w.org\/{rel}","templated":true}]}}