{"id":10121,"date":"2020-12-10T17:43:12","date_gmt":"2020-12-10T20:43:12","guid":{"rendered":"https:\/\/hostnetart.com.br\/baixada\/ato-contra-a-reestruturacao-da-caixa-cobra-respeito-aos-empregados\/"},"modified":"2020-12-10T17:43:12","modified_gmt":"2020-12-10T20:43:12","slug":"ato-contra-a-reestruturacao-da-caixa-cobra-respeito-aos-empregados","status":"publish","type":"post","link":"https:\/\/hostnetart.com.br\/baixada\/ato-contra-a-reestruturacao-da-caixa-cobra-respeito-aos-empregados\/","title":{"rendered":"Ato contra a reestrutura\u00e7\u00e3o da Caixa cobra respeito aos empregados"},"content":{"rendered":"<p>Entidades, movimentos sindicais e associativos de todo o pa\u00eds se unem para um ato contra a reestrutura\u00e7\u00e3o da Caixa Econ\u00f4mica Federal nesta sexta-feira (11). A manifesta\u00e7\u00e3o denuncia a reestrutura\u00e7\u00e3o que est\u00e1 acontecendo no banco, sem planejamento e negocia\u00e7\u00e3o com os empregados. O ato cobra respeito da dire\u00e7\u00e3o e mais contrata\u00e7\u00f5es pela Caixa. Empregados e a sociedade est\u00e3o convidados a defender a Caixa 100% p\u00fablica e lutar contra o desmonte.<\/p>\n<p>As mudan\u00e7as t\u00eam pressionados os empregados a aderirem ao Programa de Desligamento Volunt\u00e1rio (PDV) e os deixado em p\u00e2nico. A falta de empregados tamb\u00e9m atinge em cheio a Caixa. Mesmo com um d\u00e9ficit acima de 19 mil trabalhadores, as contrata\u00e7\u00f5es n\u00e3o est\u00e3o nos planos do banco. Sem novas contrata\u00e7\u00f5es, a gest\u00e3o prejudica os empregados, que acumulam trabalho, e compromete o atendimento \u00e0 popula\u00e7\u00e3o.<\/p>\n<p>Os atos acontecem durante o dia, de acordo com cada sindicato, por todo o pa\u00eds, com manifesta\u00e7\u00f5es e panfletagens. Aos empregados que participarem presencialmente do ato, os movimentos sindicais orientam a vestirem-se de preto. A Confedera\u00e7\u00e3o Nacional dos Trabalhadores do Ramo Financeiro (Contraf-CUT) disponibiliza na \u00e1rea restrita do seu site arquivos de materiais prontos para serem impressos.<\/p>\n<h2>Manifesta\u00e7\u00e3o virtual<\/h2>\n<p>Haver\u00e1 ainda um tuita\u00e7o, \u00e0s 11h, contra a reestrutura\u00e7\u00e3o e por mais respeito aos empregados da Caixa. Participe! Use as hastags #MexeuComACaixaMexeuComOBrasil #MaisContrata\u00e7\u00f5esMenosFilas #CaixaRespeiteOEmpregado para postar contra os abusos da gest\u00e3o da Caixa.<\/p>\n<p>A popula\u00e7\u00e3o e os representantes da categoria tamb\u00e9m poder\u00e3o se manifestar de forma virtual. Por meio do aplicativo Manif.app \u00e9 poss\u00edvel se manifestar virtualmente e pelo link o manifestante entra diretamente na Matriz I da Caixa, o local do protesto. Ao acessar o app, a sua manifesta\u00e7\u00e3o poder\u00e1 ficar at\u00e9 24 horas no local indicado.<\/p>\n<p>A coordenadora da Comiss\u00e3o Executiva dos Empregados (CEE) da Caixa e secret\u00e1ria da Cultura da Contraf-CUT, Fabiana Uehara Proscholdt, destacou que todos precisam participar da manifesta\u00e7\u00e3o para defender a Caixa. \u201cTemos que lutar contra esse desmonte. Essa mudan\u00e7a prejudica os empregados que est\u00e3o cansados diante das jornadas extensas e metas abusivas. Al\u00e9m disso, afeta o atendimento \u00e0 popula\u00e7\u00e3o\u201d, afirmou Fabiana.<\/p>\n<p>Para o presidente da Federa\u00e7\u00e3o Nacional das Associa\u00e7\u00f5es do Pessoal da Caixa Econ\u00f4mica Federal (Fenae), Sergio Takemoto, a Caixa erra ao n\u00e3o planejar as mudan\u00e7as e em n\u00e3o comunicar aos trabalhadores. \u201cAt\u00e9 o momento n\u00e3o tivemos nenhuma informa\u00e7\u00e3o oficial do que est\u00e1 acontecendo. E o que estamos vendo \u00e9 uma medida da Caixa que est\u00e1 gerando p\u00e2nico e inseguran\u00e7a entre os trabalhadores. A Caixa precisa respeitar mais seus empregados e fazer a contrata\u00e7\u00e3o de mais trabalhadores fortalecendo o banco e o atendimento \u00e0 popula\u00e7\u00e3o\u201d, afirmou Takemoto.<\/p>\n<h2>Ato virtual<\/h2>\n<p>O ato acontece na Matriz I da Caixa, na sexta-feira (11), a partir das 11h, em Bras\u00edlia (DF). O encontro ser\u00e1 por meio do Manif.app, ferramenta criada na Fran\u00e7a por sindicalistas e utilizada em manifesta\u00e7\u00f5es durante a pandemia de coronav\u00edrus. Com ela, a milit\u00e2ncia marca presen\u00e7a digitalmente no protesto.<\/p>\n<h2>Confira o passo a passo de como participar:<\/h2>\n<ul>\n<li>Acesse o link para localizar o pr\u00e9dio da Caixa: https:\/\/bit.ly\/2IvuQki<\/li>\n<li>Para dar um zoom: se estiver usando telefone, coloque dois dedos sobre a tela e afaste-os.<\/li>\n<li>Se estiver usando o computador, arraste o mapa rolando o bot\u00e3o do mouse.<\/li>\n<li>Clique no bot\u00e3o de \u201cManifestar!\u201d (vermelho no alto da p\u00e1gina e centralizado) para pousar o seu avatar e iniciar a manifesta\u00e7\u00e3o.<\/li>\n<li>Mova o seu avatar \u00e0 vontade.<\/li>\n<li>Preencha o campo de \u201cslogan\u201d com uma das nossas hastag #MexeuComACaixaMexeuComOBrasil #MaisContrata\u00e7\u00f5esMenosFilas #CaixaRespeiteOEmpregado e d\u00ea um Enter para modificar seu slogan.<\/li>\n<li>Mova o mouse sobre os outros avatares para ver os slogans dos outros manifestantes presentes.<\/li>\n<li>Clique sobre \u201cParar\u201d para encerrar a sua participa\u00e7\u00e3o. O seu avatar ficar\u00e1 no mapa compartilhado durante 24 horas ap\u00f3s a \u00faltima modifica\u00e7\u00e3o.<\/li>\n<li>Clique sobre \u201cAtualizar\u201d para ver os manifestantes presentes no momento (o mapa n\u00e3o \u00e9 atualizado automaticamente).<\/li>\n<\/ul>\n<p><strong>Fonte: Contraf-CUT<\/strong><\/p>\n","protected":false},"excerpt":{"rendered":"<p>Entidades, movimentos sindicais e associativos de todo o pa\u00eds se unem para um ato contra a reestrutura\u00e7\u00e3o da Caixa Econ\u00f4mica Federal nesta sexta-feira (11). A manifesta\u00e7\u00e3o denuncia a reestrutura\u00e7\u00e3o que est\u00e1 acontecendo no banco, sem planejamento e negocia\u00e7\u00e3o com os empregados. O ato cobra respeito da dire\u00e7\u00e3o e mais contrata\u00e7\u00f5es pela Caixa. Empregados e a [&hellip;]<\/p>\n","protected":false},"author":2,"featured_media":10120,"comment_status":"","ping_status":"","sticky":false,"template":"","format":"standard","meta":{"footnotes":""},"categories":[3],"tags":[],"class_list":["post-10121","post","type-post","status-publish","format-standard","has-post-thumbnail","hentry","category-noticias"],"_links":{"self":[{"href":"https:\/\/hostnetart.com.br\/baixada\/wp-json\/wp\/v2\/posts\/10121","targetHints":{"allow":["GET"]}}],"collection":[{"href":"https:\/\/hostnetart.com.br\/baixada\/wp-json\/wp\/v2\/posts"}],"about":[{"href":"https:\/\/hostnetart.com.br\/baixada\/wp-json\/wp\/v2\/types\/post"}],"author":[{"embeddable":true,"href":"https:\/\/hostnetart.com.br\/baixada\/wp-json\/wp\/v2\/users\/2"}],"replies":[{"embeddable":true,"href":"https:\/\/hostnetart.com.br\/baixada\/wp-json\/wp\/v2\/comments?post=10121"}],"version-history":[{"count":0,"href":"https:\/\/hostnetart.com.br\/baixada\/wp-json\/wp\/v2\/posts\/10121\/revisions"}],"wp:featuredmedia":[{"embeddable":true,"href":"https:\/\/hostnetart.com.br\/baixada\/wp-json\/wp\/v2\/media\/10120"}],"wp:attachment":[{"href":"https:\/\/hostnetart.com.br\/baixada\/wp-json\/wp\/v2\/media?parent=10121"}],"wp:term":[{"taxonomy":"category","embeddable":true,"href":"https:\/\/hostnetart.com.br\/baixada\/wp-json\/wp\/v2\/categories?post=10121"},{"taxonomy":"post_tag","embeddable":true,"href":"https:\/\/hostnetart.com.br\/baixada\/wp-json\/wp\/v2\/tags?post=10121"}],"curies":[{"name":"wp","href":"https:\/\/api.w.org\/{rel}","templated":true}]}}